{"id":1158,"date":"2016-08-30T21:29:08","date_gmt":"2016-08-30T20:29:08","guid":{"rendered":"http:\/\/sy-mora.de\/?p=1158"},"modified":"2016-08-30T22:10:17","modified_gmt":"2016-08-30T21:10:17","slug":"biscaya","status":"publish","type":"post","link":"https:\/\/sy-mora.de\/?p=1158","title":{"rendered":"Die Biskaya"},"content":{"rendered":"<p>Am Dienstag den 23.8. um 11 Uhr (englische Zeit) ging es endlich los. Das Wetterfenster f\u00fcr die geplanten 4 Tage stimmte: moderate Winde aus Nord bis Nord-West. Also\u00a0Leinen los in Falmouth und unsere \u00dcberfahrt in sonnige Gefilde begann. Wir aktivierten unsere Windststeuerungsanlage und ab da brauchten wir noch nicht einmal selber am Ruder stehen. Unterwegs trafen wir schon die ersten Delfine und zum Abendbrot gab es griechischen Salat. Die erste Nacht verlief ruhig. Bevor der Mond gegen 1 Uhr in der Nacht aufging war eine v\u00f6llige Dunkelheit um uns herum war alles rabenschwarz. Durch den bew\u00f6lkten Himmel waren auch keine Sterne zu sehen. Aber im Cockpit leuchteten die Anzeigen und wir f\u00fchlten uns sicher und geborgen auf unserer mora.<\/p>\n<p>Am n\u00e4chsten Morgen (Mittwoch, 24.8.) gab es R\u00fchrei zum Fr\u00fchst\u00fcck. Mal machten wir den Motor an, weil es zu wenig Wind gab und durch die Wellen die Segel unangenehm hin- und her schlugen. Dann nahm der Wind wieder zu und wir segelten ganz entspannt weiter Richtung S\u00fcden. So verging der 2. Tag auf See. Am 3. Tag (Donnerstag, 25.8.) waren wir schon gut voran gekommen und freuten uns , dass wir vielleicht schon am Freitagabend in A Caruna anlegen k\u00f6nnen. Aber wie Antje zu sagen pflegte: Kein Plan ist der beste Plan. Gegen Mittag machten wir mal wieder den Motor an. Da ich gl\u00fccklicherweise hinten auf der Cockpitbank sa\u00df, h\u00f6rte ich wie der Motor auf einmal anders klang. Ich sprang auf, schaute nach dem K\u00fchlwasseraussto\u00df \u2013 und da kam kein K\u00fchlwasser raus. Sofort schaltete ich den Motor aus, damit er nicht \u00fcberhitzte und uns dann noch die Zylinderkopfdichtung um die Ohren fliegt. Ralph begann mit dem Motorcheck und es stellte sich heraus, dass die Wasserpumpe defekt war. Das hie\u00df f\u00fcr uns: ab jetzt <u>muss <\/u>ausschlie\u00dflich gesegelt werden. Aber als alte Regattasegler konnte uns das jetzt nicht all zu sehr schocken. Wir hatten damals schon einige Flauten ausgesegelt. So verging der 3. Tag auf See. Am Freitag den 26.8. wurde es endlich warm, kurze Hose und T-Shirt wurden angezogen, zum Mittag gab es Jogurt mit Cornflakes. Ralph erz\u00e4hlte das er in der Morgend\u00e4mmerung Wale gesehen h\u00e4tte. Zuerst habe ich ihm nat\u00fcrlich einen Vogel gezeigt aber es stellte sich heraus dass es tats\u00e4chlich Grindwale waren.\u00a0Wir befanden uns schon einige Zeit im spanischen Hoheitsgebiet und setzten bei sch\u00f6nstem Wetter unsere 5. Gastlandflagge. Zum Abendbrot gab es Nudeln mit Pesto.<\/p>\n<p>Der letzte\u00a0Tag auf See begann mit Nebel und Flaute und noch mehr Flaute. Wir waren bereits nur etwas mehr als 25 sm von der Hafeneinfahrt entfernt. Wir konnten nur noch treiben und auf dem AIS beobachten wir, wie die Tanker um uns herum fuhren. Da wir nicht man\u00f6vrieren konnten standen wir da etwas unter Hochspannung. Mit Funkger\u00e4t in der Hand und die Augen auf dem Plotter gerichtet, trieben wir so vor uns her. Nach einer Weile sahen wir die SVEA auf dem Plotter. Sie ist einen Tag nach uns von Falmouth gestartet. Wir haben sie sofort angefunkt und Hallo gesagt, aber so viele Meilen vor dem Hafen konnte sie uns nicht helfen.<\/p>\n<p>Der Wind nahm etwas zu und so kamen wir in Reichweite von Handymasten und konnten mit der Kopernik Kontakt aufnehmen damit wir Infos \u00fcber die Hafeneinfahrt und den Hafen bekommen. Die Kopernik haben wir schon vor l\u00e4ngere Zeit kennengelernt und wir wussten, dass sie bereits in A Caruna ist. Nachdem wir Norbert unsere Situation geschildert haben, hat er mit dem Hafenmeister gesprochen was man machen kann. Der Marinero sagte, dass wir bis zur Hafeneinfahrt kommen m\u00fcssen und ab da kann er uns abschleppen. Eine bessere Nachricht konnten wir nicht bekommen. Wir h\u00e4tten sonst einen kommerziellen Abschlepper anrufen m\u00fcssen und die verlangen 350,- \u20ac die Stunde und unter 2 Stunden rechnen die nicht ab.<\/p>\n<p>Die Hafenmole schon im Blick d\u00fcmpelten wir schon wieder im Flautenfeld. Norbert hat mittlerweile die ganze deutsche Community welche bereits\u00a0im Hafen lag aktiviert. Das Schlauchboot von der Zanzibar und der Au\u00dfenborder von der Kopernik wurden zusammengebracht um uns damit entgegen zu kommen.<\/p>\n<p>Nach einigen Funkgespr\u00e4chen und Lichtreflexionen mit Hilfe eines Kochtopfes konnte er uns orten und es war ganz tolles Gef\u00fchl zu sehen, wie sie uns entgegen brausten. Wir gaben ihnen eine Leine, aber wie das dann so ist, kam der Wind wieder und wir konnten das Schlauchboot ziehen. Wir schafften es tats\u00e4chlich mit dem wenigen Wind, wie die Profis die auf der Kante in Lee sitzend, durch den Hafen zu kreuzen. Der Hafenmeister kam uns dann auch noch entgegen. Die Leine wurde \u00fcbergeben und mit Hilfe der Zanzibar wurden wir ganz sachte in die Hafenbox geschupst. Der ganze Steg stand voller Segler die uns die Festmacherleinen annahmen und die bei der ganze Rettungsaktion mitgefiebert und geholfen haben. Gro\u00dfes Kino, ganz gro\u00dfes Empfangskomitee , die Svea, die in dem anderem Hafen lag, hat das Kreuzen in der Hafeneinfahrt von der Mole aus beobachtet und ist dann sofort zum Steg gelaufen. Ein ganz gro\u00dfes Dankesch\u00f6n an alle Helfer!! Gott sei Dank hatten wir noch genug Bier im K\u00fchlschrank und in der Bilge gehabt, sodass wir eine Runde spendieren konnten.<\/p>\n<p>Am Samstag, nach 103 Stunden\u00a0auf See, haben wir um 19.45 Uhr in A Caruna fest gemacht. 441 sm lagen hinter uns und wir haben nur 17 Motorstunden gebraucht \ud83d\ude42<\/p>\n<p>Ab jetzt ist spanisches Leben angesagt (ma\u00f1ana, ma\u00f1ana), es ist endlich warm, kurze Hose und T-Shirt ist jetzt schon fast zu viel.<\/p>\n<div id=\"attachment_1162\" style=\"width: 1290px\" class=\"wp-caption alignleft\"><img loading=\"lazy\" decoding=\"async\" aria-describedby=\"caption-attachment-1162\" class=\"size-full wp-image-1162\" src=\"https:\/\/sy-mora.de\/wp-content\/uploads\/2016\/08\/1_DSC02941.jpg\" alt=\"die Windfahne ist aktiviert und steuert das Boot\" width=\"1280\" height=\"960\" srcset=\"https:\/\/sy-mora.de\/wp-content\/uploads\/2016\/08\/1_DSC02941.jpg 1280w, https:\/\/sy-mora.de\/wp-content\/uploads\/2016\/08\/1_DSC02941-300x225.jpg 300w, https:\/\/sy-mora.de\/wp-content\/uploads\/2016\/08\/1_DSC02941-768x576.jpg 768w, https:\/\/sy-mora.de\/wp-content\/uploads\/2016\/08\/1_DSC02941-1024x768.jpg 1024w, https:\/\/sy-mora.de\/wp-content\/uploads\/2016\/08\/1_DSC02941-624x468.jpg 624w\" sizes=\"auto, (max-width: 1280px) 100vw, 1280px\" \/><p id=\"caption-attachment-1162\" class=\"wp-caption-text\">die Windfahne ist aktiviert und steuert das Boot<\/p><\/div>\n<div id=\"attachment_1163\" style=\"width: 1290px\" class=\"wp-caption alignleft\"><img loading=\"lazy\" decoding=\"async\" aria-describedby=\"caption-attachment-1163\" class=\"size-full wp-image-1163\" src=\"https:\/\/sy-mora.de\/wp-content\/uploads\/2016\/08\/2_DSC02947.jpg\" alt=\"die defekte Wasserpumpe - sie verhalf uns zu nur 17 Motorstunden :-)\" width=\"1280\" height=\"960\" srcset=\"https:\/\/sy-mora.de\/wp-content\/uploads\/2016\/08\/2_DSC02947.jpg 1280w, https:\/\/sy-mora.de\/wp-content\/uploads\/2016\/08\/2_DSC02947-300x225.jpg 300w, https:\/\/sy-mora.de\/wp-content\/uploads\/2016\/08\/2_DSC02947-768x576.jpg 768w, https:\/\/sy-mora.de\/wp-content\/uploads\/2016\/08\/2_DSC02947-1024x768.jpg 1024w, https:\/\/sy-mora.de\/wp-content\/uploads\/2016\/08\/2_DSC02947-624x468.jpg 624w\" sizes=\"auto, (max-width: 1280px) 100vw, 1280px\" \/><p id=\"caption-attachment-1163\" class=\"wp-caption-text\">die defekte Wasserpumpe &#8211; sie verhalf uns zu nur 17 Motorstunden \ud83d\ude42<\/p><\/div>\n<div id=\"attachment_1164\" style=\"width: 1290px\" class=\"wp-caption alignleft\"><img loading=\"lazy\" decoding=\"async\" aria-describedby=\"caption-attachment-1164\" class=\"size-full wp-image-1164\" src=\"https:\/\/sy-mora.de\/wp-content\/uploads\/2016\/08\/3_DSC02962.jpg\" alt=\"Sonnenaufgang an Tag 3\" width=\"1280\" height=\"960\" srcset=\"https:\/\/sy-mora.de\/wp-content\/uploads\/2016\/08\/3_DSC02962.jpg 1280w, https:\/\/sy-mora.de\/wp-content\/uploads\/2016\/08\/3_DSC02962-300x225.jpg 300w, https:\/\/sy-mora.de\/wp-content\/uploads\/2016\/08\/3_DSC02962-768x576.jpg 768w, https:\/\/sy-mora.de\/wp-content\/uploads\/2016\/08\/3_DSC02962-1024x768.jpg 1024w, https:\/\/sy-mora.de\/wp-content\/uploads\/2016\/08\/3_DSC02962-624x468.jpg 624w\" sizes=\"auto, (max-width: 1280px) 100vw, 1280px\" \/><p id=\"caption-attachment-1164\" class=\"wp-caption-text\">Sonnenaufgang an Tag 3<\/p><\/div>\n<div id=\"attachment_1165\" style=\"width: 1290px\" class=\"wp-caption alignleft\"><img loading=\"lazy\" decoding=\"async\" aria-describedby=\"caption-attachment-1165\" class=\"size-full wp-image-1165\" src=\"https:\/\/sy-mora.de\/wp-content\/uploads\/2016\/08\/4_DSC02983.jpg\" alt=\"und so Blau ist das Wasser wirklich wenn es eine Tiefe von mehr als 4000 Meter hat \" width=\"1280\" height=\"960\" srcset=\"https:\/\/sy-mora.de\/wp-content\/uploads\/2016\/08\/4_DSC02983.jpg 1280w, https:\/\/sy-mora.de\/wp-content\/uploads\/2016\/08\/4_DSC02983-300x225.jpg 300w, https:\/\/sy-mora.de\/wp-content\/uploads\/2016\/08\/4_DSC02983-768x576.jpg 768w, https:\/\/sy-mora.de\/wp-content\/uploads\/2016\/08\/4_DSC02983-1024x768.jpg 1024w, https:\/\/sy-mora.de\/wp-content\/uploads\/2016\/08\/4_DSC02983-624x468.jpg 624w\" sizes=\"auto, (max-width: 1280px) 100vw, 1280px\" \/><p id=\"caption-attachment-1165\" class=\"wp-caption-text\">und so Blau ist das Wasser wirklich wenn es eine Tiefe von mehr als 4000 Meter hat<\/p><\/div>\n<div id=\"attachment_1166\" style=\"width: 1290px\" class=\"wp-caption alignleft\"><img loading=\"lazy\" decoding=\"async\" aria-describedby=\"caption-attachment-1166\" class=\"size-full wp-image-1166\" src=\"https:\/\/sy-mora.de\/wp-content\/uploads\/2016\/08\/5_DSC02996.jpg\" alt=\"Gastlandflagge die 5.\" width=\"1280\" height=\"960\" srcset=\"https:\/\/sy-mora.de\/wp-content\/uploads\/2016\/08\/5_DSC02996.jpg 1280w, https:\/\/sy-mora.de\/wp-content\/uploads\/2016\/08\/5_DSC02996-300x225.jpg 300w, https:\/\/sy-mora.de\/wp-content\/uploads\/2016\/08\/5_DSC02996-768x576.jpg 768w, https:\/\/sy-mora.de\/wp-content\/uploads\/2016\/08\/5_DSC02996-1024x768.jpg 1024w, https:\/\/sy-mora.de\/wp-content\/uploads\/2016\/08\/5_DSC02996-624x468.jpg 624w\" sizes=\"auto, (max-width: 1280px) 100vw, 1280px\" \/><p id=\"caption-attachment-1166\" class=\"wp-caption-text\">Gastlandflagge die 5.<\/p><\/div>\n<div id=\"attachment_1167\" style=\"width: 1290px\" class=\"wp-caption alignleft\"><img loading=\"lazy\" decoding=\"async\" aria-describedby=\"caption-attachment-1167\" class=\"size-full wp-image-1167\" src=\"https:\/\/sy-mora.de\/wp-content\/uploads\/2016\/08\/6_DSC03010.jpg\" alt=\"Selfie\" width=\"1280\" height=\"960\" srcset=\"https:\/\/sy-mora.de\/wp-content\/uploads\/2016\/08\/6_DSC03010.jpg 1280w, https:\/\/sy-mora.de\/wp-content\/uploads\/2016\/08\/6_DSC03010-300x225.jpg 300w, https:\/\/sy-mora.de\/wp-content\/uploads\/2016\/08\/6_DSC03010-768x576.jpg 768w, https:\/\/sy-mora.de\/wp-content\/uploads\/2016\/08\/6_DSC03010-1024x768.jpg 1024w, https:\/\/sy-mora.de\/wp-content\/uploads\/2016\/08\/6_DSC03010-624x468.jpg 624w\" sizes=\"auto, (max-width: 1280px) 100vw, 1280px\" \/><p id=\"caption-attachment-1167\" class=\"wp-caption-text\">Selfie<\/p><\/div>\n<div id=\"attachment_1168\" style=\"width: 1290px\" class=\"wp-caption alignleft\"><img loading=\"lazy\" decoding=\"async\" aria-describedby=\"caption-attachment-1168\" class=\"size-full wp-image-1168\" src=\"https:\/\/sy-mora.de\/wp-content\/uploads\/2016\/08\/7_DSC03015.jpg\" alt=\"Ralph geniesst den Ausblick\" width=\"1280\" height=\"960\" srcset=\"https:\/\/sy-mora.de\/wp-content\/uploads\/2016\/08\/7_DSC03015.jpg 1280w, https:\/\/sy-mora.de\/wp-content\/uploads\/2016\/08\/7_DSC03015-300x225.jpg 300w, https:\/\/sy-mora.de\/wp-content\/uploads\/2016\/08\/7_DSC03015-768x576.jpg 768w, https:\/\/sy-mora.de\/wp-content\/uploads\/2016\/08\/7_DSC03015-1024x768.jpg 1024w, https:\/\/sy-mora.de\/wp-content\/uploads\/2016\/08\/7_DSC03015-624x468.jpg 624w\" sizes=\"auto, (max-width: 1280px) 100vw, 1280px\" \/><p id=\"caption-attachment-1168\" class=\"wp-caption-text\">Ralph geniesst den Ausblick<\/p><\/div>\n<div id=\"attachment_1169\" style=\"width: 1290px\" class=\"wp-caption alignleft\"><img loading=\"lazy\" decoding=\"async\" aria-describedby=\"caption-attachment-1169\" class=\"size-full wp-image-1169\" src=\"https:\/\/sy-mora.de\/wp-content\/uploads\/2016\/08\/8_DSC03033.jpg\" alt=\"ein gefiederter Besucher an Bord\" width=\"1280\" height=\"960\" srcset=\"https:\/\/sy-mora.de\/wp-content\/uploads\/2016\/08\/8_DSC03033.jpg 1280w, https:\/\/sy-mora.de\/wp-content\/uploads\/2016\/08\/8_DSC03033-300x225.jpg 300w, https:\/\/sy-mora.de\/wp-content\/uploads\/2016\/08\/8_DSC03033-768x576.jpg 768w, https:\/\/sy-mora.de\/wp-content\/uploads\/2016\/08\/8_DSC03033-1024x768.jpg 1024w, https:\/\/sy-mora.de\/wp-content\/uploads\/2016\/08\/8_DSC03033-624x468.jpg 624w\" sizes=\"auto, (max-width: 1280px) 100vw, 1280px\" \/><p id=\"caption-attachment-1169\" class=\"wp-caption-text\">ein gefiederter Besucher an Bord<\/p><\/div>\n<div id=\"attachment_1170\" style=\"width: 1290px\" class=\"wp-caption alignleft\"><img loading=\"lazy\" decoding=\"async\" aria-describedby=\"caption-attachment-1170\" class=\"size-full wp-image-1170\" src=\"https:\/\/sy-mora.de\/wp-content\/uploads\/2016\/08\/9_DSC03036.jpg\" alt=\"Haare waschen mal Anders\" width=\"1280\" height=\"960\" srcset=\"https:\/\/sy-mora.de\/wp-content\/uploads\/2016\/08\/9_DSC03036.jpg 1280w, https:\/\/sy-mora.de\/wp-content\/uploads\/2016\/08\/9_DSC03036-300x225.jpg 300w, https:\/\/sy-mora.de\/wp-content\/uploads\/2016\/08\/9_DSC03036-768x576.jpg 768w, https:\/\/sy-mora.de\/wp-content\/uploads\/2016\/08\/9_DSC03036-1024x768.jpg 1024w, https:\/\/sy-mora.de\/wp-content\/uploads\/2016\/08\/9_DSC03036-624x468.jpg 624w\" sizes=\"auto, (max-width: 1280px) 100vw, 1280px\" \/><p id=\"caption-attachment-1170\" class=\"wp-caption-text\">Haare waschen mal Anders<\/p><\/div>\n<div id=\"attachment_1171\" style=\"width: 1290px\" class=\"wp-caption alignleft\"><img loading=\"lazy\" decoding=\"async\" aria-describedby=\"caption-attachment-1171\" class=\"size-full wp-image-1171\" src=\"https:\/\/sy-mora.de\/wp-content\/uploads\/2016\/08\/10_DSC03040.jpg\" alt=\"fast bereit f\u00fcr den Landgang\" width=\"1280\" height=\"960\" srcset=\"https:\/\/sy-mora.de\/wp-content\/uploads\/2016\/08\/10_DSC03040.jpg 1280w, https:\/\/sy-mora.de\/wp-content\/uploads\/2016\/08\/10_DSC03040-300x225.jpg 300w, https:\/\/sy-mora.de\/wp-content\/uploads\/2016\/08\/10_DSC03040-768x576.jpg 768w, https:\/\/sy-mora.de\/wp-content\/uploads\/2016\/08\/10_DSC03040-1024x768.jpg 1024w, https:\/\/sy-mora.de\/wp-content\/uploads\/2016\/08\/10_DSC03040-624x468.jpg 624w\" sizes=\"auto, (max-width: 1280px) 100vw, 1280px\" \/><p id=\"caption-attachment-1171\" class=\"wp-caption-text\">fast bereit f\u00fcr den Landgang<\/p><\/div>\n<div id=\"attachment_1172\" style=\"width: 1290px\" class=\"wp-caption alignleft\"><img loading=\"lazy\" decoding=\"async\" aria-describedby=\"caption-attachment-1172\" class=\"size-full wp-image-1172\" src=\"https:\/\/sy-mora.de\/wp-content\/uploads\/2016\/08\/11_DSC03042.jpg\" alt=\"die mora unter Segeln\" width=\"1280\" height=\"960\" srcset=\"https:\/\/sy-mora.de\/wp-content\/uploads\/2016\/08\/11_DSC03042.jpg 1280w, https:\/\/sy-mora.de\/wp-content\/uploads\/2016\/08\/11_DSC03042-300x225.jpg 300w, https:\/\/sy-mora.de\/wp-content\/uploads\/2016\/08\/11_DSC03042-768x576.jpg 768w, https:\/\/sy-mora.de\/wp-content\/uploads\/2016\/08\/11_DSC03042-1024x768.jpg 1024w, https:\/\/sy-mora.de\/wp-content\/uploads\/2016\/08\/11_DSC03042-624x468.jpg 624w\" sizes=\"auto, (max-width: 1280px) 100vw, 1280px\" \/><p id=\"caption-attachment-1172\" class=\"wp-caption-text\">die mora unter Segeln<\/p><\/div>\n<div id=\"attachment_1173\" style=\"width: 1290px\" class=\"wp-caption alignleft\"><img loading=\"lazy\" decoding=\"async\" aria-describedby=\"caption-attachment-1173\" class=\"size-full wp-image-1173\" src=\"https:\/\/sy-mora.de\/wp-content\/uploads\/2016\/08\/12_DSC03061.jpg\" alt=\"so sch\u00f6n ist unser Boot!\" width=\"1280\" height=\"960\" srcset=\"https:\/\/sy-mora.de\/wp-content\/uploads\/2016\/08\/12_DSC03061.jpg 1280w, https:\/\/sy-mora.de\/wp-content\/uploads\/2016\/08\/12_DSC03061-300x225.jpg 300w, https:\/\/sy-mora.de\/wp-content\/uploads\/2016\/08\/12_DSC03061-768x576.jpg 768w, https:\/\/sy-mora.de\/wp-content\/uploads\/2016\/08\/12_DSC03061-1024x768.jpg 1024w, https:\/\/sy-mora.de\/wp-content\/uploads\/2016\/08\/12_DSC03061-624x468.jpg 624w\" sizes=\"auto, (max-width: 1280px) 100vw, 1280px\" \/><p id=\"caption-attachment-1173\" class=\"wp-caption-text\">so sch\u00f6n ist unser Boot!<\/p><\/div>\n<div id=\"attachment_1174\" style=\"width: 1290px\" class=\"wp-caption alignleft\"><img loading=\"lazy\" decoding=\"async\" aria-describedby=\"caption-attachment-1174\" class=\"size-full wp-image-1174\" src=\"https:\/\/sy-mora.de\/wp-content\/uploads\/2016\/08\/13_DSC03085.jpg\" alt=\"Norbert und Stefan - unser Abschleppteam, dank des guten Windes konnten wir sie dann bis zum Hafen schleppen\" width=\"1280\" height=\"960\" srcset=\"https:\/\/sy-mora.de\/wp-content\/uploads\/2016\/08\/13_DSC03085.jpg 1280w, https:\/\/sy-mora.de\/wp-content\/uploads\/2016\/08\/13_DSC03085-300x225.jpg 300w, https:\/\/sy-mora.de\/wp-content\/uploads\/2016\/08\/13_DSC03085-768x576.jpg 768w, https:\/\/sy-mora.de\/wp-content\/uploads\/2016\/08\/13_DSC03085-1024x768.jpg 1024w, https:\/\/sy-mora.de\/wp-content\/uploads\/2016\/08\/13_DSC03085-624x468.jpg 624w\" sizes=\"auto, (max-width: 1280px) 100vw, 1280px\" \/><p id=\"caption-attachment-1174\" class=\"wp-caption-text\">Norbert und Stefan &#8211; unser Abschleppteam, dank des guten Windes konnten wir sie dann bis zum Hafen mitschleppen<\/p><\/div>\n<div id=\"attachment_1175\" style=\"width: 1290px\" class=\"wp-caption alignleft\"><img loading=\"lazy\" decoding=\"async\" aria-describedby=\"caption-attachment-1175\" class=\"size-full wp-image-1175\" src=\"https:\/\/sy-mora.de\/wp-content\/uploads\/2016\/08\/14_2016.jpg\" alt=\"Vorbereitung zum Anlegen\" width=\"1280\" height=\"960\" srcset=\"https:\/\/sy-mora.de\/wp-content\/uploads\/2016\/08\/14_2016.jpg 1280w, https:\/\/sy-mora.de\/wp-content\/uploads\/2016\/08\/14_2016-300x225.jpg 300w, https:\/\/sy-mora.de\/wp-content\/uploads\/2016\/08\/14_2016-768x576.jpg 768w, https:\/\/sy-mora.de\/wp-content\/uploads\/2016\/08\/14_2016-1024x768.jpg 1024w, https:\/\/sy-mora.de\/wp-content\/uploads\/2016\/08\/14_2016-624x468.jpg 624w\" sizes=\"auto, (max-width: 1280px) 100vw, 1280px\" \/><p id=\"caption-attachment-1175\" class=\"wp-caption-text\">Vorbereitung zum Anlegen<\/p><\/div>\n<div id=\"attachment_1176\" style=\"width: 1290px\" class=\"wp-caption alignleft\"><img loading=\"lazy\" decoding=\"async\" aria-describedby=\"caption-attachment-1176\" class=\"size-full wp-image-1176\" src=\"https:\/\/sy-mora.de\/wp-content\/uploads\/2016\/08\/15_3739.jpeg\" alt=\"nach 441 Seemeilen sind es nur noch wenige Meter bis zum Anlegebier :-)\" width=\"1280\" height=\"960\" srcset=\"https:\/\/sy-mora.de\/wp-content\/uploads\/2016\/08\/15_3739.jpeg 1280w, https:\/\/sy-mora.de\/wp-content\/uploads\/2016\/08\/15_3739-300x225.jpeg 300w, https:\/\/sy-mora.de\/wp-content\/uploads\/2016\/08\/15_3739-768x576.jpeg 768w, https:\/\/sy-mora.de\/wp-content\/uploads\/2016\/08\/15_3739-1024x768.jpeg 1024w, https:\/\/sy-mora.de\/wp-content\/uploads\/2016\/08\/15_3739-624x468.jpeg 624w\" sizes=\"auto, (max-width: 1280px) 100vw, 1280px\" \/><p id=\"caption-attachment-1176\" class=\"wp-caption-text\">nach 441 Seemeilen sind es nur noch wenige Meter bis zum Anlegebier \ud83d\ude42<\/p><\/div>\n<p>&nbsp;<\/p>\n","protected":false},"excerpt":{"rendered":"<p>Am Dienstag den 23.8. um 11 Uhr (englische Zeit) ging es endlich los. Das Wetterfenster f\u00fcr die geplanten 4 Tage stimmte: moderate Winde aus Nord bis Nord-West. Also\u00a0Leinen los in Falmouth und unsere \u00dcberfahrt in sonnige Gefilde begann. Wir aktivierten unsere Windststeuerungsanlage und ab da brauchten wir noch nicht einmal selber am Ruder stehen. Unterwegs [&hellip;]<\/p>\n","protected":false},"author":4,"featured_media":0,"comment_status":"open","ping_status":"closed","sticky":false,"template":"","format":"standard","meta":{"footnotes":""},"categories":[9,11],"tags":[],"class_list":["post-1158","post","type-post","status-publish","format-standard","hentry","category-9","category-b"],"_links":{"self":[{"href":"https:\/\/sy-mora.de\/index.php?rest_route=\/wp\/v2\/posts\/1158","targetHints":{"allow":["GET"]}}],"collection":[{"href":"https:\/\/sy-mora.de\/index.php?rest_route=\/wp\/v2\/posts"}],"about":[{"href":"https:\/\/sy-mora.de\/index.php?rest_route=\/wp\/v2\/types\/post"}],"author":[{"embeddable":true,"href":"https:\/\/sy-mora.de\/index.php?rest_route=\/wp\/v2\/users\/4"}],"replies":[{"embeddable":true,"href":"https:\/\/sy-mora.de\/index.php?rest_route=%2Fwp%2Fv2%2Fcomments&post=1158"}],"version-history":[{"count":13,"href":"https:\/\/sy-mora.de\/index.php?rest_route=\/wp\/v2\/posts\/1158\/revisions"}],"predecessor-version":[{"id":1186,"href":"https:\/\/sy-mora.de\/index.php?rest_route=\/wp\/v2\/posts\/1158\/revisions\/1186"}],"wp:attachment":[{"href":"https:\/\/sy-mora.de\/index.php?rest_route=%2Fwp%2Fv2%2Fmedia&parent=1158"}],"wp:term":[{"taxonomy":"category","embeddable":true,"href":"https:\/\/sy-mora.de\/index.php?rest_route=%2Fwp%2Fv2%2Fcategories&post=1158"},{"taxonomy":"post_tag","embeddable":true,"href":"https:\/\/sy-mora.de\/index.php?rest_route=%2Fwp%2Fv2%2Ftags&post=1158"}],"curies":[{"name":"wp","href":"https:\/\/api.w.org\/{rel}","templated":true}]}}