{"id":116,"date":"2015-01-03T14:34:33","date_gmt":"2015-01-03T13:34:33","guid":{"rendered":"http:\/\/sy-mora.de\/?p=116"},"modified":"2015-01-11T17:15:20","modified_gmt":"2015-01-11T16:15:20","slug":"saisonabschluss-in-boltenhagen","status":"publish","type":"post","link":"https:\/\/sy-mora.de\/?p=116","title":{"rendered":"Saisonabschluss in Boltenhagen"},"content":{"rendered":"<p>17.08.2013 bis 23.08.2013<\/p>\n<p>Das 3. August Wochenende sind wir noch einmal zu einem kleinem T\u00f6rn in die L\u00fcbecker Bucht aufgebrochen. Als erstes f\u00fchrte uns der Weg nach K\u00fchlungsborn. Bei Wind aus West mit 3 Bft hatten wir am Samstag d. 17.08. eine sch\u00f6ne \u00dcberfahrt und im Hafen wartete schon meine Schwester Eike mit J\u00fcrgen. Die Freude \u00fcber das Wiedersehen war gro\u00df und wir hatten uns viel zu erz\u00e4hlen und haben den beiden auch unser Boot in allen Details vorgestellt. F\u00fcr den n\u00e4chsten Tag war ein Ausflug nach Heiligendamm mit unserer mora geplant. Leider hat das Wetter nicht so recht mitgespielt und wir entschieden\u00a0uns spontan f\u00fcr einen Ausflug an Land. Am Montag mussten wir schon wieder zur\u00fcck nach Fehmarn weil dort der n\u00e4chste Besuch im Anmarsch war. Diesmal leider bei totaler Flaute und deshalb die ganze Strecke unter Motor. Am Abend trafen\u00a0wir uns dann mit Beate und Alfons. Wir zeigten\u00a0den beiden auch noch einmal ausf\u00fchrlich unser Boot.\u00a0Am Dienstag war das Wetter sehr gut und wir konnten mit unserem Besuch eine kleine Ausfahrt unternehmen. Das Highlight f\u00fcr Alfons war eine\u00a0Ankerpause mit Kaffee und Kuchen und Blick auf den S\u00fcdstrand. Am Mittwoch sind wir dann nur zu zweit in Richtung Wismarer Bucht aufgebrochen. Es wehte ein sehr leichter Wind aus West und wir hatten herrlichen Sonnenschein. Da wir ja nicht in Eile waren sind wir mit knapp 4 Knoten in Richtung Timmendorf auf der Insel Poel gesegelt. Bei unserer Ankunft im Hafen war es gegen 18 Uhr schon sehr voll und nur noch eine Box schien frei zu sein. Bei der Anfahrt in diese nahm der Wasserstand aber sehr schnell ab und wir waren noch 2 Meter vom Steg entfernt als der Tiefenmesser 0 Meter angab. Dies war uns dann doch zu gef\u00e4hrlich und wir entschieden uns f\u00fcr die neue Marina in Boltenhagen als Platz f\u00fcr die Nacht. Auf Grund der nun vorhandenen Windstille sind wir unter Motor \u00fcber die Wismarer Bucht gefahren und waren gegen 19:30 Uhr fest. Die Marine liegt bei der Wei\u00dfen Wiek gemeinsam mit mehreren Hotels. Das Ganze ist recht luxuri\u00f6s angelegt. Den Donnerstag haben wir zu einer Wanderung in den Ortskern von Boltenhagen genutzt. Der Weg verl\u00e4uft knapp 3 Kilometer am Strand entlang. Ein sehr sch\u00f6ner Ausflug. Den Nachmittag nutzten wir zur Pflege von mora\u2019s Au\u00dfenhaut. Auf Grund der Schwimmstege in der Marina konnten wir die Scheuerleiste mal ordentlich schrubben und anschlie\u00dfend den blauen Deko Streifen polieren. Am Freitag morgen sind wir nach dem Fr\u00fchst\u00fcck bei traumhaftem Ostwind mit reichlich Sonne wieder in Richtung Heimathafen aufgebrochen. Dieser Tag war vom Segeln her einer der sch\u00f6nsten der ganzen Saison 2013. Halbwind Kurs mit Genua und Gro\u00df und durchgehend Fahrt \u00fcber 6 Knoten. So kann man eine Saison ausklingen lassen! 15 Uhr waren wir wieder in unserer Box und eine sehr sch\u00f6ne Urlaubswoche ging zu Ende.<\/p>\n<div id=\"attachment_240\" style=\"width: 635px\" class=\"wp-caption alignleft\"><img loading=\"lazy\" decoding=\"async\" aria-describedby=\"caption-attachment-240\" class=\"size-large wp-image-240\" src=\"https:\/\/sy-mora.de\/wp-content\/uploads\/2015\/01\/Konzentration-1024x768.jpg\" alt=\"Konzentration\" width=\"625\" height=\"469\" srcset=\"https:\/\/sy-mora.de\/wp-content\/uploads\/2015\/01\/Konzentration-1024x768.jpg 1024w, https:\/\/sy-mora.de\/wp-content\/uploads\/2015\/01\/Konzentration-300x225.jpg 300w, https:\/\/sy-mora.de\/wp-content\/uploads\/2015\/01\/Konzentration-624x468.jpg 624w\" sizes=\"auto, (max-width: 625px) 100vw, 625px\" \/><p id=\"caption-attachment-240\" class=\"wp-caption-text\">Konzentration<\/p><\/div>\n<div id=\"attachment_241\" style=\"width: 635px\" class=\"wp-caption alignleft\"><img loading=\"lazy\" decoding=\"async\" aria-describedby=\"caption-attachment-241\" class=\"size-large wp-image-241\" src=\"https:\/\/sy-mora.de\/wp-content\/uploads\/2015\/01\/K\u00fchlungsborn-1024x768.jpg\" alt=\"K\u00fchlungsborn\" width=\"625\" height=\"469\" srcset=\"https:\/\/sy-mora.de\/wp-content\/uploads\/2015\/01\/K\u00fchlungsborn-1024x768.jpg 1024w, https:\/\/sy-mora.de\/wp-content\/uploads\/2015\/01\/K\u00fchlungsborn-300x225.jpg 300w, https:\/\/sy-mora.de\/wp-content\/uploads\/2015\/01\/K\u00fchlungsborn-624x468.jpg 624w\" sizes=\"auto, (max-width: 625px) 100vw, 625px\" \/><p id=\"caption-attachment-241\" class=\"wp-caption-text\">K\u00fchlungsborn<\/p><\/div>\n<div id=\"attachment_238\" style=\"width: 635px\" class=\"wp-caption alignleft\"><img loading=\"lazy\" decoding=\"async\" aria-describedby=\"caption-attachment-238\" class=\"size-large wp-image-238\" src=\"https:\/\/sy-mora.de\/wp-content\/uploads\/2015\/01\/Beate-1024x768.jpg\" alt=\"Beate\" width=\"625\" height=\"469\" srcset=\"https:\/\/sy-mora.de\/wp-content\/uploads\/2015\/01\/Beate-1024x768.jpg 1024w, https:\/\/sy-mora.de\/wp-content\/uploads\/2015\/01\/Beate-300x225.jpg 300w, https:\/\/sy-mora.de\/wp-content\/uploads\/2015\/01\/Beate-624x468.jpg 624w\" sizes=\"auto, (max-width: 625px) 100vw, 625px\" \/><p id=\"caption-attachment-238\" class=\"wp-caption-text\">Beate<\/p><\/div>\n<div id=\"attachment_237\" style=\"width: 635px\" class=\"wp-caption alignleft\"><img loading=\"lazy\" decoding=\"async\" aria-describedby=\"caption-attachment-237\" class=\"size-large wp-image-237\" src=\"https:\/\/sy-mora.de\/wp-content\/uploads\/2015\/01\/Alfons-1024x768.jpg\" alt=\"Alfons\" width=\"625\" height=\"469\" srcset=\"https:\/\/sy-mora.de\/wp-content\/uploads\/2015\/01\/Alfons-1024x768.jpg 1024w, https:\/\/sy-mora.de\/wp-content\/uploads\/2015\/01\/Alfons-300x225.jpg 300w, https:\/\/sy-mora.de\/wp-content\/uploads\/2015\/01\/Alfons-624x468.jpg 624w\" sizes=\"auto, (max-width: 625px) 100vw, 625px\" \/><p id=\"caption-attachment-237\" class=\"wp-caption-text\">Alfons<\/p><\/div>\n<div id=\"attachment_242\" style=\"width: 635px\" class=\"wp-caption alignleft\"><img loading=\"lazy\" decoding=\"async\" aria-describedby=\"caption-attachment-242\" class=\"size-large wp-image-242\" src=\"https:\/\/sy-mora.de\/wp-content\/uploads\/2015\/01\/Mittagssnack-768x1024.jpg\" alt=\"Mittagssnack\" width=\"625\" height=\"833\" srcset=\"https:\/\/sy-mora.de\/wp-content\/uploads\/2015\/01\/Mittagssnack-768x1024.jpg 768w, https:\/\/sy-mora.de\/wp-content\/uploads\/2015\/01\/Mittagssnack-225x300.jpg 225w, https:\/\/sy-mora.de\/wp-content\/uploads\/2015\/01\/Mittagssnack-624x832.jpg 624w, https:\/\/sy-mora.de\/wp-content\/uploads\/2015\/01\/Mittagssnack.jpg 1944w\" sizes=\"auto, (max-width: 625px) 100vw, 625px\" \/><p id=\"caption-attachment-242\" class=\"wp-caption-text\">Mittagssnack<\/p><\/div>\n<div id=\"attachment_239\" style=\"width: 635px\" class=\"wp-caption alignleft\"><img loading=\"lazy\" decoding=\"async\" aria-describedby=\"caption-attachment-239\" class=\"size-large wp-image-239\" src=\"https:\/\/sy-mora.de\/wp-content\/uploads\/2015\/01\/Kaffeesegeln-1024x768.jpg\" alt=\"Kaffeesegeln\" width=\"625\" height=\"469\" srcset=\"https:\/\/sy-mora.de\/wp-content\/uploads\/2015\/01\/Kaffeesegeln-1024x768.jpg 1024w, https:\/\/sy-mora.de\/wp-content\/uploads\/2015\/01\/Kaffeesegeln-300x225.jpg 300w, https:\/\/sy-mora.de\/wp-content\/uploads\/2015\/01\/Kaffeesegeln-624x468.jpg 624w\" sizes=\"auto, (max-width: 625px) 100vw, 625px\" \/><p id=\"caption-attachment-239\" class=\"wp-caption-text\">Kaffeesegeln<\/p><\/div>\n<div id=\"attachment_244\" style=\"width: 635px\" class=\"wp-caption alignleft\"><img loading=\"lazy\" decoding=\"async\" aria-describedby=\"caption-attachment-244\" class=\"size-large wp-image-244\" src=\"https:\/\/sy-mora.de\/wp-content\/uploads\/2015\/01\/Traum-Segeln-1024x768.jpg\" alt=\"Traum Segeln\" width=\"625\" height=\"469\" srcset=\"https:\/\/sy-mora.de\/wp-content\/uploads\/2015\/01\/Traum-Segeln-1024x768.jpg 1024w, https:\/\/sy-mora.de\/wp-content\/uploads\/2015\/01\/Traum-Segeln-300x225.jpg 300w, https:\/\/sy-mora.de\/wp-content\/uploads\/2015\/01\/Traum-Segeln-624x468.jpg 624w\" sizes=\"auto, (max-width: 625px) 100vw, 625px\" \/><p id=\"caption-attachment-244\" class=\"wp-caption-text\">Traum Segeln<\/p><\/div>\n<div id=\"attachment_243\" style=\"width: 635px\" class=\"wp-caption alignleft\"><img loading=\"lazy\" decoding=\"async\" aria-describedby=\"caption-attachment-243\" class=\"size-large wp-image-243\" src=\"https:\/\/sy-mora.de\/wp-content\/uploads\/2015\/01\/Speed-1024x768.jpg\" alt=\"Speed\" width=\"625\" height=\"469\" srcset=\"https:\/\/sy-mora.de\/wp-content\/uploads\/2015\/01\/Speed-1024x768.jpg 1024w, https:\/\/sy-mora.de\/wp-content\/uploads\/2015\/01\/Speed-300x225.jpg 300w, https:\/\/sy-mora.de\/wp-content\/uploads\/2015\/01\/Speed-624x468.jpg 624w\" sizes=\"auto, (max-width: 625px) 100vw, 625px\" \/><p id=\"caption-attachment-243\" class=\"wp-caption-text\">Speed<\/p><\/div>\n","protected":false},"excerpt":{"rendered":"<p>17.08.2013 bis 23.08.2013 Das 3. August Wochenende sind wir noch einmal zu einem kleinem T\u00f6rn in die L\u00fcbecker Bucht aufgebrochen. Als erstes f\u00fchrte uns der Weg nach K\u00fchlungsborn. Bei Wind aus West mit 3 Bft hatten wir am Samstag d. 17.08. eine sch\u00f6ne \u00dcberfahrt und im Hafen wartete schon meine Schwester Eike mit J\u00fcrgen. Die [&hellip;]<\/p>\n","protected":false},"author":3,"featured_media":0,"comment_status":"open","ping_status":"closed","sticky":false,"template":"","format":"standard","meta":{"footnotes":""},"categories":[3],"tags":[],"class_list":["post-116","post","type-post","status-publish","format-standard","hentry","category-3"],"_links":{"self":[{"href":"https:\/\/sy-mora.de\/index.php?rest_route=\/wp\/v2\/posts\/116","targetHints":{"allow":["GET"]}}],"collection":[{"href":"https:\/\/sy-mora.de\/index.php?rest_route=\/wp\/v2\/posts"}],"about":[{"href":"https:\/\/sy-mora.de\/index.php?rest_route=\/wp\/v2\/types\/post"}],"author":[{"embeddable":true,"href":"https:\/\/sy-mora.de\/index.php?rest_route=\/wp\/v2\/users\/3"}],"replies":[{"embeddable":true,"href":"https:\/\/sy-mora.de\/index.php?rest_route=%2Fwp%2Fv2%2Fcomments&post=116"}],"version-history":[{"count":7,"href":"https:\/\/sy-mora.de\/index.php?rest_route=\/wp\/v2\/posts\/116\/revisions"}],"predecessor-version":[{"id":247,"href":"https:\/\/sy-mora.de\/index.php?rest_route=\/wp\/v2\/posts\/116\/revisions\/247"}],"wp:attachment":[{"href":"https:\/\/sy-mora.de\/index.php?rest_route=%2Fwp%2Fv2%2Fmedia&parent=116"}],"wp:term":[{"taxonomy":"category","embeddable":true,"href":"https:\/\/sy-mora.de\/index.php?rest_route=%2Fwp%2Fv2%2Fcategories&post=116"},{"taxonomy":"post_tag","embeddable":true,"href":"https:\/\/sy-mora.de\/index.php?rest_route=%2Fwp%2Fv2%2Ftags&post=116"}],"curies":[{"name":"wp","href":"https:\/\/api.w.org\/{rel}","templated":true}]}}