{"id":121,"date":"2015-01-03T14:38:05","date_gmt":"2015-01-03T13:38:05","guid":{"rendered":"http:\/\/sy-mora.de\/?p=121"},"modified":"2015-01-13T00:07:54","modified_gmt":"2015-01-12T23:07:54","slug":"auf-ins-winterlager-2","status":"publish","type":"post","link":"https:\/\/sy-mora.de\/?p=121","title":{"rendered":"auf ins Winterlager"},"content":{"rendered":"<p>Der 05.10. war f\u00fcr uns ein ganz besonderer Tag. Wir hatten f\u00fcr 11:00 Uhr einen Krantermin reserviert und bis dahin galt es noch ganz viele Vorbereitungen zu erledigen. Unsere Vorarbeit begann bereits am Freitag d. 04.10. Zuerst markierten wir die Wantenspanner mit roten und gr\u00fcnen Kabelbindern. Dann haben wir den Abstand der Gewindebolzen f\u00fcr jeden Spanner gemessen und notiert. Dies soll im Fr\u00fchjahr das Trimmen des Mastes vereinfachen. Nun konnten wir die beiden Unterwanten schon demontieren und die Oberwanten leicht l\u00f6sen. So dauert die endg\u00fcltige Demontage am Kran dann nicht mehr so lange. Als n\u00e4chstes habe ich die Kabel welche vom Mast ins Boot kommen alle fotografiert, beschriftet und anschlie\u00dfend getrennt. Der n\u00e4chste Schritt auf der langen Liste war der \u00d6lwechsel. Nach unserem Motorkunde Seminar waren wir theoretisch gut auf die Arbeit vorbereitet. In der Praxis war die Aufregung aber schon zu sp\u00fcren. Es sollte ja nichts schief gehen. \ud83d\ude42 Also ran ans Werk. Zuerst den Motor f\u00fcr 30min warm laufen lassen damit das \u00d6l fl\u00fcssiger wird. Dann mit der Unterdruck Pumpe das alte \u00d6l absaugen. Zuletzt den Filter l\u00f6sen, das austretende \u00d6l auffangen (gelingt super mit einer Windel) und danach den neuen Filter montieren. War gar nicht so schwer. Als letztes noch die Sauerei aufwischen und das Alt\u00f6l entsorgen. Dann kam eine recht zeitaufwendige Arbeit. Wir haben das ganze Wassersystem geleert und mit Frostschutz die Leitungen und Mischer konserviert. Die meiste Zeit hat das Leeren des Boilers in Anspruch genommen. Zum Ausblasen der Leitungen eignen sich Luftballons nur bedingt. Wenn vorhanden geht das mit Druckluft sicher viel schneller. Zu guter Letzt habe ich einen kr\u00e4ftigen Schluck Frostschutz ins Klo und die Ansaugleitung der Klosp\u00fchlung gegeben. So vorbereitet sind wir am Abend todm\u00fcde ins Bett gefallen. Es dauerte gar nicht lang und ich begann im Halbschlaf von allerlei Problemen beim Kranen zu fantasieren. Die Gurte rei\u00dfen, der Kran f\u00e4llt um, der Trecker f\u00e4hrt mit Schiff ins Wasser u.s.w. Ich war dann froh als endlich der Wecker klingelte und der Spuk zu Ende war. Die Zeit bis 11:00 Uhr verging mit Aufr\u00e4umen, Bilgenwasser entsorgen und die Pantry leer r\u00e4umen. Als wir dann zum Kran gefahren sind ging alles ganz schnell. Die gro\u00dfartige Hilfe vom Kranmeister und unserem Winterlager Betreiber war Gold wert und so dauerte es keine 30 min und mora stand ohne Mast an Land und war bereit f\u00fcr die Fahrt auf dem Trailer. Da die Reise mit 6 km\/h ein bisschen dauert war f\u00fcr uns beide Pause angesagt. Nach einem Kaffee begann ich mit der Reinigung des Unterwasserschiffs und Moni hat den Mast abgewaschen. Da der Mast in den letzten 10 Jahren nie gelegt wurde war reichlich Arbeitszeit notwendig um all das Moos auf Mast und den Salingen zu entfernen. In der Zwischenzeit habe ich das Frostschutz Gemisch f\u00fcr den \u00e4u\u00dferen K\u00fchlkreislauf vorbereitet. Zwei Teile Wasser auf einen Teil Frostschutz sollten bis Minus 20 Grad reichen. 5 Liter von dieser Mischung bei laufendem Motor so lang in den ge\u00f6ffneten Wasserfilter gie\u00dfen bis rot gef\u00e4rbtes K\u00fchlwasser aus dem Auspuff austritt. Das wars. Klingt ganz einfach, war beim ersten Mal aber richtig aufregend! \ud83d\ude42 Nach einem langen und spannendem Tag stand unsere mora am Abend nach 10 Jahren Au\u00dfenplatz wieder in der Halle und war bereit f\u00fcr ihren wohl verdienten Winterschlaf! Wir haben noch die Matratzen, Werkzeuge, Plotter und jede Menge Kleinteile ins Auto ger\u00e4umt uns sind nach einer erfolgreichen ersten Saison mit unserer mora in Richtung Heimat aufgebrochen.<\/p>\n<div id=\"attachment_288\" style=\"width: 635px\" class=\"wp-caption alignleft\"><img loading=\"lazy\" decoding=\"async\" aria-describedby=\"caption-attachment-288\" class=\"size-large wp-image-288\" src=\"https:\/\/sy-mora.de\/wp-content\/uploads\/2015\/01\/Top-Wirbel-Gro\u00df-1024x768.jpg\" alt=\"Top Wirbel Gro\u00df\" width=\"625\" height=\"469\" srcset=\"https:\/\/sy-mora.de\/wp-content\/uploads\/2015\/01\/Top-Wirbel-Gro\u00df-1024x768.jpg 1024w, https:\/\/sy-mora.de\/wp-content\/uploads\/2015\/01\/Top-Wirbel-Gro\u00df-300x225.jpg 300w, https:\/\/sy-mora.de\/wp-content\/uploads\/2015\/01\/Top-Wirbel-Gro\u00df-624x468.jpg 624w\" sizes=\"auto, (max-width: 625px) 100vw, 625px\" \/><p id=\"caption-attachment-288\" class=\"wp-caption-text\">Top Wirbel Gro\u00df<\/p><\/div>\n<div id=\"attachment_289\" style=\"width: 635px\" class=\"wp-caption alignleft\"><img loading=\"lazy\" decoding=\"async\" aria-describedby=\"caption-attachment-289\" class=\"size-large wp-image-289\" src=\"https:\/\/sy-mora.de\/wp-content\/uploads\/2015\/01\/Wantenspanner-768x1024.jpg\" alt=\"Wantenspanner\" width=\"625\" height=\"833\" srcset=\"https:\/\/sy-mora.de\/wp-content\/uploads\/2015\/01\/Wantenspanner-768x1024.jpg 768w, https:\/\/sy-mora.de\/wp-content\/uploads\/2015\/01\/Wantenspanner-225x300.jpg 225w, https:\/\/sy-mora.de\/wp-content\/uploads\/2015\/01\/Wantenspanner-624x832.jpg 624w, https:\/\/sy-mora.de\/wp-content\/uploads\/2015\/01\/Wantenspanner.jpg 1944w\" sizes=\"auto, (max-width: 625px) 100vw, 625px\" \/><p id=\"caption-attachment-289\" class=\"wp-caption-text\">Wantenspanner<\/p><\/div>\n<div id=\"attachment_284\" style=\"width: 635px\" class=\"wp-caption alignleft\"><img loading=\"lazy\" decoding=\"async\" aria-describedby=\"caption-attachment-284\" class=\"size-large wp-image-284\" src=\"https:\/\/sy-mora.de\/wp-content\/uploads\/2015\/01\/Navi-Lichter-1024x768.jpg\" alt=\"Kabel f\u00fcr Navi Lichter\" width=\"625\" height=\"469\" srcset=\"https:\/\/sy-mora.de\/wp-content\/uploads\/2015\/01\/Navi-Lichter-1024x768.jpg 1024w, https:\/\/sy-mora.de\/wp-content\/uploads\/2015\/01\/Navi-Lichter-300x225.jpg 300w, https:\/\/sy-mora.de\/wp-content\/uploads\/2015\/01\/Navi-Lichter-624x468.jpg 624w\" sizes=\"auto, (max-width: 625px) 100vw, 625px\" \/><p id=\"caption-attachment-284\" class=\"wp-caption-text\">Kabel f\u00fcr Navi Lichter<\/p><\/div>\n<div id=\"attachment_283\" style=\"width: 635px\" class=\"wp-caption alignleft\"><img loading=\"lazy\" decoding=\"async\" aria-describedby=\"caption-attachment-283\" class=\"size-large wp-image-283\" src=\"https:\/\/sy-mora.de\/wp-content\/uploads\/2015\/01\/Kabel-Decksdurchf\u00fchrung-1024x768.jpg\" alt=\"Klemmk\u00e4sten\" width=\"625\" height=\"469\" srcset=\"https:\/\/sy-mora.de\/wp-content\/uploads\/2015\/01\/Kabel-Decksdurchf\u00fchrung-1024x768.jpg 1024w, https:\/\/sy-mora.de\/wp-content\/uploads\/2015\/01\/Kabel-Decksdurchf\u00fchrung-300x225.jpg 300w, https:\/\/sy-mora.de\/wp-content\/uploads\/2015\/01\/Kabel-Decksdurchf\u00fchrung-624x468.jpg 624w\" sizes=\"auto, (max-width: 625px) 100vw, 625px\" \/><p id=\"caption-attachment-283\" class=\"wp-caption-text\">Klemmk\u00e4sten<\/p><\/div>\n<div id=\"attachment_287\" style=\"width: 635px\" class=\"wp-caption alignleft\"><img loading=\"lazy\" decoding=\"async\" aria-describedby=\"caption-attachment-287\" class=\"size-large wp-image-287\" src=\"https:\/\/sy-mora.de\/wp-content\/uploads\/2015\/01\/Radar-Kabel-1024x768.jpg\" alt=\"Radar Kabel\" width=\"625\" height=\"469\" srcset=\"https:\/\/sy-mora.de\/wp-content\/uploads\/2015\/01\/Radar-Kabel-1024x768.jpg 1024w, https:\/\/sy-mora.de\/wp-content\/uploads\/2015\/01\/Radar-Kabel-300x225.jpg 300w, https:\/\/sy-mora.de\/wp-content\/uploads\/2015\/01\/Radar-Kabel-624x468.jpg 624w\" sizes=\"auto, (max-width: 625px) 100vw, 625px\" \/><p id=\"caption-attachment-287\" class=\"wp-caption-text\">Radar Kabel<\/p><\/div>\n<div id=\"attachment_285\" style=\"width: 635px\" class=\"wp-caption alignleft\"><img loading=\"lazy\" decoding=\"async\" aria-describedby=\"caption-attachment-285\" class=\"size-large wp-image-285\" src=\"https:\/\/sy-mora.de\/wp-content\/uploads\/2015\/01\/Oelwechsel-768x1024.jpg\" alt=\"Oelwechsel\" width=\"625\" height=\"833\" srcset=\"https:\/\/sy-mora.de\/wp-content\/uploads\/2015\/01\/Oelwechsel-768x1024.jpg 768w, https:\/\/sy-mora.de\/wp-content\/uploads\/2015\/01\/Oelwechsel-225x300.jpg 225w, https:\/\/sy-mora.de\/wp-content\/uploads\/2015\/01\/Oelwechsel-624x832.jpg 624w, https:\/\/sy-mora.de\/wp-content\/uploads\/2015\/01\/Oelwechsel.jpg 1944w\" sizes=\"auto, (max-width: 625px) 100vw, 625px\" \/><p id=\"caption-attachment-285\" class=\"wp-caption-text\">Oelwechsel<\/p><\/div>\n<div id=\"attachment_282\" style=\"width: 635px\" class=\"wp-caption alignleft\"><img loading=\"lazy\" decoding=\"async\" aria-describedby=\"caption-attachment-282\" class=\"size-large wp-image-282\" src=\"https:\/\/sy-mora.de\/wp-content\/uploads\/2015\/01\/Dampfstrahler-1024x768.jpg\" alt=\"Dampfstrahler\" width=\"625\" height=\"469\" srcset=\"https:\/\/sy-mora.de\/wp-content\/uploads\/2015\/01\/Dampfstrahler-1024x768.jpg 1024w, https:\/\/sy-mora.de\/wp-content\/uploads\/2015\/01\/Dampfstrahler-300x225.jpg 300w, https:\/\/sy-mora.de\/wp-content\/uploads\/2015\/01\/Dampfstrahler-624x468.jpg 624w\" sizes=\"auto, (max-width: 625px) 100vw, 625px\" \/><p id=\"caption-attachment-282\" class=\"wp-caption-text\">Dampfstrahler<\/p><\/div>\n<div id=\"attachment_286\" style=\"width: 635px\" class=\"wp-caption alignleft\"><img loading=\"lazy\" decoding=\"async\" aria-describedby=\"caption-attachment-286\" class=\"size-large wp-image-286\" src=\"https:\/\/sy-mora.de\/wp-content\/uploads\/2015\/01\/Platz-im-Dunkeln-1024x768.jpg\" alt=\"Bereit zum Winterschlaf\" width=\"625\" height=\"469\" srcset=\"https:\/\/sy-mora.de\/wp-content\/uploads\/2015\/01\/Platz-im-Dunkeln-1024x768.jpg 1024w, https:\/\/sy-mora.de\/wp-content\/uploads\/2015\/01\/Platz-im-Dunkeln-300x225.jpg 300w, https:\/\/sy-mora.de\/wp-content\/uploads\/2015\/01\/Platz-im-Dunkeln-624x468.jpg 624w\" sizes=\"auto, (max-width: 625px) 100vw, 625px\" \/><p id=\"caption-attachment-286\" class=\"wp-caption-text\">Bereit zum Winterschlaf<\/p><\/div>\n<p>&nbsp;<\/p>\n<p>&nbsp;<\/p>\n","protected":false},"excerpt":{"rendered":"<p>Der 05.10. war f\u00fcr uns ein ganz besonderer Tag. Wir hatten f\u00fcr 11:00 Uhr einen Krantermin reserviert und bis dahin galt es noch ganz viele Vorbereitungen zu erledigen. Unsere Vorarbeit begann bereits am Freitag d. 04.10. Zuerst markierten wir die Wantenspanner mit roten und gr\u00fcnen Kabelbindern. Dann haben wir den Abstand der Gewindebolzen f\u00fcr jeden [&hellip;]<\/p>\n","protected":false},"author":3,"featured_media":0,"comment_status":"open","ping_status":"closed","sticky":false,"template":"","format":"standard","meta":{"footnotes":""},"categories":[3],"tags":[],"class_list":["post-121","post","type-post","status-publish","format-standard","hentry","category-3"],"_links":{"self":[{"href":"https:\/\/sy-mora.de\/index.php?rest_route=\/wp\/v2\/posts\/121","targetHints":{"allow":["GET"]}}],"collection":[{"href":"https:\/\/sy-mora.de\/index.php?rest_route=\/wp\/v2\/posts"}],"about":[{"href":"https:\/\/sy-mora.de\/index.php?rest_route=\/wp\/v2\/types\/post"}],"author":[{"embeddable":true,"href":"https:\/\/sy-mora.de\/index.php?rest_route=\/wp\/v2\/users\/3"}],"replies":[{"embeddable":true,"href":"https:\/\/sy-mora.de\/index.php?rest_route=%2Fwp%2Fv2%2Fcomments&post=121"}],"version-history":[{"count":5,"href":"https:\/\/sy-mora.de\/index.php?rest_route=\/wp\/v2\/posts\/121\/revisions"}],"predecessor-version":[{"id":290,"href":"https:\/\/sy-mora.de\/index.php?rest_route=\/wp\/v2\/posts\/121\/revisions\/290"}],"wp:attachment":[{"href":"https:\/\/sy-mora.de\/index.php?rest_route=%2Fwp%2Fv2%2Fmedia&parent=121"}],"wp:term":[{"taxonomy":"category","embeddable":true,"href":"https:\/\/sy-mora.de\/index.php?rest_route=%2Fwp%2Fv2%2Fcategories&post=121"},{"taxonomy":"post_tag","embeddable":true,"href":"https:\/\/sy-mora.de\/index.php?rest_route=%2Fwp%2Fv2%2Ftags&post=121"}],"curies":[{"name":"wp","href":"https:\/\/api.w.org\/{rel}","templated":true}]}}