{"id":1213,"date":"2016-09-13T15:48:16","date_gmt":"2016-09-13T14:48:16","guid":{"rendered":"http:\/\/sy-mora.de\/?p=1213"},"modified":"2016-09-13T16:34:20","modified_gmt":"2016-09-13T15:34:20","slug":"pilgern-mit-kurzen-beinen","status":"publish","type":"post","link":"https:\/\/sy-mora.de\/?p=1213","title":{"rendered":"Pilgern mit kurzen Beinen"},"content":{"rendered":"<p>Sp\u00e4testens seit Hape Kerkeling wissen wir \u00fcber die Existenz von dem Pilgerort Santiago de Compostela. Da f\u00fcr mich, mit meinen kurzen Beinen, eine Wanderung von Deutschland nach Spanien nicht in Betracht kam, haben wir uns f\u00fcr die einfachere Variante mit Anreise per Segelyacht und Reisebus entschieden. Bei dieser Tour m\u00fcssen nur die letzten 2 Kilometer vom Busbahnhof bis zur Kathedrale auf Schusters Rappen bew\u00e4ltigt werden. \ud83d\ude42<\/p>\n<p>Direkt von unserem Hafen in Muros f\u00e4hrt mehrmals t\u00e4glich ein Bus nach Santiago de Compostela. Die Fahrt dauert knapp 2 Stunden und f\u00fchrt durch die wundersch\u00f6ne Landschaft entlang der Ria de Muros und sp\u00e4ter durch das bergige Land nach Santiago. Am Sonntagmorgen um 11:00 Uhr sollte der Bus abfahren. Weil aber zur gleichen Zeit die Teilnehmer eines Langstreckenlaufes die Hauptstra\u00dfe in Muros f\u00fcr sich beanspruchten startete unsere Fahrt eine halbe Stunde sp\u00e4ter. Das war f\u00fcr den Fahrer kein Problem. Er holte die verloren Zeit wieder auf. Wir haben w\u00e4hrend der Fahrt hin und wieder an unsere Auslands Unfallversicherung gedacht. Aber einem echten Pilgerer wird schon nichts passieren!<\/p>\n<p>In Santiago de Compostela angekommen brauchten wir nur dem Zeichen des Camino folgen und erreichten nach gut 10 Minuten die Kathedrale. Es ist ein sehr beeindruckendes Bauwerk und war erstaunlich gut besucht. Die meisten Pilgerer waren zu Fu\u00df und mit dem Rad unterwegs. Zu Pferde haben wir niemanden mehr getroffen. Dies scheint wohl aus der Mode zu sein. Und dabei habe ich gelesen dass in einigen Herbergen auf dem Weg nach Santiago nur Fu\u00dfg\u00e4nger und Reiter absteigen d\u00fcrfen.<\/p>\n<p>Nach einer Besichtigung der Au\u00dfenanlage haben wir dann die Kathedrale von innen bestaunt. Es riecht schon am Eingang sehr intensiv nach Weihrauch. Laut Wikipedia soll dieser den Geruch der Pilgerer neutralisieren welche nach ihrer Wallfahrt eine ganze Nacht wachend und betend in der Kirche verbrachten. Neben den verschiedenen Alt\u00e4ren ist der vergoldete Baldachin \u00fcber der Gruft ein beeindruckendes Detail im Inneren der Kathedrale.<\/p>\n<p>F\u00fcr uns beide endete der Besuch nach einer Stunde und wir st\u00e4rkten uns in der angrenzenden Herberge bei Kaffee und Kuchen. Danach sind wir zu unserer mora gefahren und ab jetzt wird wieder mit dem Schiff gepilgert. Wenn ihr noch mehr Interesse an Santiago de Compostela mit der Altstadt als Weltkulturerbe habt, kann ich die Webseite <a href=\"http:\/\/www.santiagoturismo.com\/info-xeral\">http:\/\/www.santiagoturismo.com\/info-xeral<\/a> empfehlen. Im Anschluss ein paar Bilder von unserem Sonntagsausflug.<\/p>\n<p><img loading=\"lazy\" decoding=\"async\" class=\"size-full wp-image-1217\" src=\"https:\/\/sy-mora.de\/wp-content\/uploads\/2016\/09\/A_1_DSC03195.jpg\" alt=\"Au\u00dfenanlage\" width=\"1440\" height=\"1080\" srcset=\"https:\/\/sy-mora.de\/wp-content\/uploads\/2016\/09\/A_1_DSC03195.jpg 1440w, https:\/\/sy-mora.de\/wp-content\/uploads\/2016\/09\/A_1_DSC03195-300x225.jpg 300w, https:\/\/sy-mora.de\/wp-content\/uploads\/2016\/09\/A_1_DSC03195-768x576.jpg 768w, https:\/\/sy-mora.de\/wp-content\/uploads\/2016\/09\/A_1_DSC03195-1024x768.jpg 1024w, https:\/\/sy-mora.de\/wp-content\/uploads\/2016\/09\/A_1_DSC03195-624x468.jpg 624w\" sizes=\"auto, (max-width: 1440px) 100vw, 1440px\" \/><\/p>\n<p><img loading=\"lazy\" decoding=\"async\" class=\"size-full wp-image-1218\" src=\"https:\/\/sy-mora.de\/wp-content\/uploads\/2016\/09\/A_2_DSC03196.jpg\" alt=\"Au\u00dfenanlage\" width=\"1440\" height=\"1080\" srcset=\"https:\/\/sy-mora.de\/wp-content\/uploads\/2016\/09\/A_2_DSC03196.jpg 1440w, https:\/\/sy-mora.de\/wp-content\/uploads\/2016\/09\/A_2_DSC03196-300x225.jpg 300w, https:\/\/sy-mora.de\/wp-content\/uploads\/2016\/09\/A_2_DSC03196-768x576.jpg 768w, https:\/\/sy-mora.de\/wp-content\/uploads\/2016\/09\/A_2_DSC03196-1024x768.jpg 1024w, https:\/\/sy-mora.de\/wp-content\/uploads\/2016\/09\/A_2_DSC03196-624x468.jpg 624w\" sizes=\"auto, (max-width: 1440px) 100vw, 1440px\" \/><\/p>\n<p><img loading=\"lazy\" decoding=\"async\" class=\"size-full wp-image-1219\" src=\"https:\/\/sy-mora.de\/wp-content\/uploads\/2016\/09\/A_3_DSC03198.jpg\" alt=\"Au\u00dfenanlage\" width=\"1440\" height=\"1080\" srcset=\"https:\/\/sy-mora.de\/wp-content\/uploads\/2016\/09\/A_3_DSC03198.jpg 1440w, https:\/\/sy-mora.de\/wp-content\/uploads\/2016\/09\/A_3_DSC03198-300x225.jpg 300w, https:\/\/sy-mora.de\/wp-content\/uploads\/2016\/09\/A_3_DSC03198-768x576.jpg 768w, https:\/\/sy-mora.de\/wp-content\/uploads\/2016\/09\/A_3_DSC03198-1024x768.jpg 1024w, https:\/\/sy-mora.de\/wp-content\/uploads\/2016\/09\/A_3_DSC03198-624x468.jpg 624w\" sizes=\"auto, (max-width: 1440px) 100vw, 1440px\" \/><\/p>\n<p><img loading=\"lazy\" decoding=\"async\" class=\"size-full wp-image-1220\" src=\"https:\/\/sy-mora.de\/wp-content\/uploads\/2016\/09\/A_4_DSC03199.jpg\" alt=\"Au\u00dfenanlage\" width=\"1440\" height=\"1080\" srcset=\"https:\/\/sy-mora.de\/wp-content\/uploads\/2016\/09\/A_4_DSC03199.jpg 1440w, https:\/\/sy-mora.de\/wp-content\/uploads\/2016\/09\/A_4_DSC03199-300x225.jpg 300w, https:\/\/sy-mora.de\/wp-content\/uploads\/2016\/09\/A_4_DSC03199-768x576.jpg 768w, https:\/\/sy-mora.de\/wp-content\/uploads\/2016\/09\/A_4_DSC03199-1024x768.jpg 1024w, https:\/\/sy-mora.de\/wp-content\/uploads\/2016\/09\/A_4_DSC03199-624x468.jpg 624w\" sizes=\"auto, (max-width: 1440px) 100vw, 1440px\" \/><\/p>\n<div id=\"attachment_1221\" style=\"width: 1450px\" class=\"wp-caption alignleft\"><img loading=\"lazy\" decoding=\"async\" aria-describedby=\"caption-attachment-1221\" class=\"size-full wp-image-1221\" src=\"https:\/\/sy-mora.de\/wp-content\/uploads\/2016\/09\/A_5_DSC03201.jpg\" alt=\"Eingang zu einem der \u00e4ltesten Hotels der Welt\" width=\"1440\" height=\"1080\" srcset=\"https:\/\/sy-mora.de\/wp-content\/uploads\/2016\/09\/A_5_DSC03201.jpg 1440w, https:\/\/sy-mora.de\/wp-content\/uploads\/2016\/09\/A_5_DSC03201-300x225.jpg 300w, https:\/\/sy-mora.de\/wp-content\/uploads\/2016\/09\/A_5_DSC03201-768x576.jpg 768w, https:\/\/sy-mora.de\/wp-content\/uploads\/2016\/09\/A_5_DSC03201-1024x768.jpg 1024w, https:\/\/sy-mora.de\/wp-content\/uploads\/2016\/09\/A_5_DSC03201-624x468.jpg 624w\" sizes=\"auto, (max-width: 1440px) 100vw, 1440px\" \/><p id=\"caption-attachment-1221\" class=\"wp-caption-text\">Eingang zu einem der \u00e4ltesten Hotels der Welt<\/p><\/div>\n<p><img loading=\"lazy\" decoding=\"async\" class=\"size-full wp-image-1222\" src=\"https:\/\/sy-mora.de\/wp-content\/uploads\/2016\/09\/A_6_DSC03202.jpg\" alt=\"Au\u00dfenanlage\" width=\"1440\" height=\"1080\" srcset=\"https:\/\/sy-mora.de\/wp-content\/uploads\/2016\/09\/A_6_DSC03202.jpg 1440w, https:\/\/sy-mora.de\/wp-content\/uploads\/2016\/09\/A_6_DSC03202-300x225.jpg 300w, https:\/\/sy-mora.de\/wp-content\/uploads\/2016\/09\/A_6_DSC03202-768x576.jpg 768w, https:\/\/sy-mora.de\/wp-content\/uploads\/2016\/09\/A_6_DSC03202-1024x768.jpg 1024w, https:\/\/sy-mora.de\/wp-content\/uploads\/2016\/09\/A_6_DSC03202-624x468.jpg 624w\" sizes=\"auto, (max-width: 1440px) 100vw, 1440px\" \/><\/p>\n<p><img loading=\"lazy\" decoding=\"async\" class=\"size-full wp-image-1223\" src=\"https:\/\/sy-mora.de\/wp-content\/uploads\/2016\/09\/A_7_DSC03204.jpg\" alt=\"Au\u00dfenanlage\" width=\"1440\" height=\"1080\" srcset=\"https:\/\/sy-mora.de\/wp-content\/uploads\/2016\/09\/A_7_DSC03204.jpg 1440w, https:\/\/sy-mora.de\/wp-content\/uploads\/2016\/09\/A_7_DSC03204-300x225.jpg 300w, https:\/\/sy-mora.de\/wp-content\/uploads\/2016\/09\/A_7_DSC03204-768x576.jpg 768w, https:\/\/sy-mora.de\/wp-content\/uploads\/2016\/09\/A_7_DSC03204-1024x768.jpg 1024w, https:\/\/sy-mora.de\/wp-content\/uploads\/2016\/09\/A_7_DSC03204-624x468.jpg 624w\" sizes=\"auto, (max-width: 1440px) 100vw, 1440px\" \/><\/p>\n<p><img loading=\"lazy\" decoding=\"async\" class=\"size-full wp-image-1225\" src=\"https:\/\/sy-mora.de\/wp-content\/uploads\/2016\/09\/A_9_DSC03211.jpg\" alt=\"Au\u00dfenanlage\" width=\"1440\" height=\"1080\" srcset=\"https:\/\/sy-mora.de\/wp-content\/uploads\/2016\/09\/A_9_DSC03211.jpg 1440w, https:\/\/sy-mora.de\/wp-content\/uploads\/2016\/09\/A_9_DSC03211-300x225.jpg 300w, https:\/\/sy-mora.de\/wp-content\/uploads\/2016\/09\/A_9_DSC03211-768x576.jpg 768w, https:\/\/sy-mora.de\/wp-content\/uploads\/2016\/09\/A_9_DSC03211-1024x768.jpg 1024w, https:\/\/sy-mora.de\/wp-content\/uploads\/2016\/09\/A_9_DSC03211-624x468.jpg 624w\" sizes=\"auto, (max-width: 1440px) 100vw, 1440px\" \/><\/p>\n<p><img loading=\"lazy\" decoding=\"async\" class=\"size-full wp-image-1226\" src=\"https:\/\/sy-mora.de\/wp-content\/uploads\/2016\/09\/A_10_DSC03222.jpg\" alt=\"Au\u00dfenanlage\" width=\"1440\" height=\"1080\" srcset=\"https:\/\/sy-mora.de\/wp-content\/uploads\/2016\/09\/A_10_DSC03222.jpg 1440w, https:\/\/sy-mora.de\/wp-content\/uploads\/2016\/09\/A_10_DSC03222-300x225.jpg 300w, https:\/\/sy-mora.de\/wp-content\/uploads\/2016\/09\/A_10_DSC03222-768x576.jpg 768w, https:\/\/sy-mora.de\/wp-content\/uploads\/2016\/09\/A_10_DSC03222-1024x768.jpg 1024w, https:\/\/sy-mora.de\/wp-content\/uploads\/2016\/09\/A_10_DSC03222-624x468.jpg 624w\" sizes=\"auto, (max-width: 1440px) 100vw, 1440px\" \/><\/p>\n<p><img loading=\"lazy\" decoding=\"async\" class=\"size-full wp-image-1227\" src=\"https:\/\/sy-mora.de\/wp-content\/uploads\/2016\/09\/A_11_DSC03224.jpg\" alt=\"Taps f\u00fcr Pilger\" width=\"1440\" height=\"1080\" srcset=\"https:\/\/sy-mora.de\/wp-content\/uploads\/2016\/09\/A_11_DSC03224.jpg 1440w, https:\/\/sy-mora.de\/wp-content\/uploads\/2016\/09\/A_11_DSC03224-300x225.jpg 300w, https:\/\/sy-mora.de\/wp-content\/uploads\/2016\/09\/A_11_DSC03224-768x576.jpg 768w, https:\/\/sy-mora.de\/wp-content\/uploads\/2016\/09\/A_11_DSC03224-1024x768.jpg 1024w, https:\/\/sy-mora.de\/wp-content\/uploads\/2016\/09\/A_11_DSC03224-624x468.jpg 624w\" sizes=\"auto, (max-width: 1440px) 100vw, 1440px\" \/><\/p>\n<p><img loading=\"lazy\" decoding=\"async\" class=\"size-full wp-image-1228\" src=\"https:\/\/sy-mora.de\/wp-content\/uploads\/2016\/09\/A_12_DSC03225.jpg\" alt=\"Au\u00dfenanlage\" width=\"1440\" height=\"1080\" srcset=\"https:\/\/sy-mora.de\/wp-content\/uploads\/2016\/09\/A_12_DSC03225.jpg 1440w, https:\/\/sy-mora.de\/wp-content\/uploads\/2016\/09\/A_12_DSC03225-300x225.jpg 300w, https:\/\/sy-mora.de\/wp-content\/uploads\/2016\/09\/A_12_DSC03225-768x576.jpg 768w, https:\/\/sy-mora.de\/wp-content\/uploads\/2016\/09\/A_12_DSC03225-1024x768.jpg 1024w, https:\/\/sy-mora.de\/wp-content\/uploads\/2016\/09\/A_12_DSC03225-624x468.jpg 624w\" sizes=\"auto, (max-width: 1440px) 100vw, 1440px\" \/><\/p>\n<div id=\"attachment_1229\" style=\"width: 1450px\" class=\"wp-caption alignleft\"><img loading=\"lazy\" decoding=\"async\" aria-describedby=\"caption-attachment-1229\" class=\"size-full wp-image-1229\" src=\"https:\/\/sy-mora.de\/wp-content\/uploads\/2016\/09\/A_13_DSC03227.jpg\" alt=\"Wanderst\u00f6cke f\u00fcr den Heimweg\" width=\"1440\" height=\"1080\" srcset=\"https:\/\/sy-mora.de\/wp-content\/uploads\/2016\/09\/A_13_DSC03227.jpg 1440w, https:\/\/sy-mora.de\/wp-content\/uploads\/2016\/09\/A_13_DSC03227-300x225.jpg 300w, https:\/\/sy-mora.de\/wp-content\/uploads\/2016\/09\/A_13_DSC03227-768x576.jpg 768w, https:\/\/sy-mora.de\/wp-content\/uploads\/2016\/09\/A_13_DSC03227-1024x768.jpg 1024w, https:\/\/sy-mora.de\/wp-content\/uploads\/2016\/09\/A_13_DSC03227-624x468.jpg 624w\" sizes=\"auto, (max-width: 1440px) 100vw, 1440px\" \/><p id=\"caption-attachment-1229\" class=\"wp-caption-text\">Wanderst\u00f6cke f\u00fcr den Heimweg<\/p><\/div>\n<p><img loading=\"lazy\" decoding=\"async\" class=\"size-full wp-image-1230\" src=\"https:\/\/sy-mora.de\/wp-content\/uploads\/2016\/09\/A_14_DSC03229.jpg\" alt=\"Au\u00dfenanlage\" width=\"1440\" height=\"1080\" srcset=\"https:\/\/sy-mora.de\/wp-content\/uploads\/2016\/09\/A_14_DSC03229.jpg 1440w, https:\/\/sy-mora.de\/wp-content\/uploads\/2016\/09\/A_14_DSC03229-300x225.jpg 300w, https:\/\/sy-mora.de\/wp-content\/uploads\/2016\/09\/A_14_DSC03229-768x576.jpg 768w, https:\/\/sy-mora.de\/wp-content\/uploads\/2016\/09\/A_14_DSC03229-1024x768.jpg 1024w, https:\/\/sy-mora.de\/wp-content\/uploads\/2016\/09\/A_14_DSC03229-624x468.jpg 624w\" sizes=\"auto, (max-width: 1440px) 100vw, 1440px\" \/><\/p>\n<p><img loading=\"lazy\" decoding=\"async\" class=\"size-full wp-image-1231\" src=\"https:\/\/sy-mora.de\/wp-content\/uploads\/2016\/09\/A_15_DSC03230.jpg\" alt=\"Au\u00dfenanlage\" width=\"1440\" height=\"1080\" srcset=\"https:\/\/sy-mora.de\/wp-content\/uploads\/2016\/09\/A_15_DSC03230.jpg 1440w, https:\/\/sy-mora.de\/wp-content\/uploads\/2016\/09\/A_15_DSC03230-300x225.jpg 300w, https:\/\/sy-mora.de\/wp-content\/uploads\/2016\/09\/A_15_DSC03230-768x576.jpg 768w, https:\/\/sy-mora.de\/wp-content\/uploads\/2016\/09\/A_15_DSC03230-1024x768.jpg 1024w, https:\/\/sy-mora.de\/wp-content\/uploads\/2016\/09\/A_15_DSC03230-624x468.jpg 624w\" sizes=\"auto, (max-width: 1440px) 100vw, 1440px\" \/><\/p>\n<p><img loading=\"lazy\" decoding=\"async\" class=\"size-full wp-image-1232\" src=\"https:\/\/sy-mora.de\/wp-content\/uploads\/2016\/09\/A_16_DSC03231.jpg\" alt=\"Au\u00dfenanlage\" width=\"1440\" height=\"1080\" srcset=\"https:\/\/sy-mora.de\/wp-content\/uploads\/2016\/09\/A_16_DSC03231.jpg 1440w, https:\/\/sy-mora.de\/wp-content\/uploads\/2016\/09\/A_16_DSC03231-300x225.jpg 300w, https:\/\/sy-mora.de\/wp-content\/uploads\/2016\/09\/A_16_DSC03231-768x576.jpg 768w, https:\/\/sy-mora.de\/wp-content\/uploads\/2016\/09\/A_16_DSC03231-1024x768.jpg 1024w, https:\/\/sy-mora.de\/wp-content\/uploads\/2016\/09\/A_16_DSC03231-624x468.jpg 624w\" sizes=\"auto, (max-width: 1440px) 100vw, 1440px\" \/><\/p>\n<p><img loading=\"lazy\" decoding=\"async\" class=\"size-full wp-image-1233\" src=\"https:\/\/sy-mora.de\/wp-content\/uploads\/2016\/09\/A_17_DSC03233.jpg\" alt=\"Au\u00dfenanlage\" width=\"1440\" height=\"1080\" srcset=\"https:\/\/sy-mora.de\/wp-content\/uploads\/2016\/09\/A_17_DSC03233.jpg 1440w, https:\/\/sy-mora.de\/wp-content\/uploads\/2016\/09\/A_17_DSC03233-300x225.jpg 300w, https:\/\/sy-mora.de\/wp-content\/uploads\/2016\/09\/A_17_DSC03233-768x576.jpg 768w, https:\/\/sy-mora.de\/wp-content\/uploads\/2016\/09\/A_17_DSC03233-1024x768.jpg 1024w, https:\/\/sy-mora.de\/wp-content\/uploads\/2016\/09\/A_17_DSC03233-624x468.jpg 624w\" sizes=\"auto, (max-width: 1440px) 100vw, 1440px\" \/><\/p>\n<p><img loading=\"lazy\" decoding=\"async\" class=\"size-full wp-image-1234\" src=\"https:\/\/sy-mora.de\/wp-content\/uploads\/2016\/09\/A_18_DSC03266.jpg\" alt=\"Au\u00dfenanlage\" width=\"1440\" height=\"1080\" srcset=\"https:\/\/sy-mora.de\/wp-content\/uploads\/2016\/09\/A_18_DSC03266.jpg 1440w, https:\/\/sy-mora.de\/wp-content\/uploads\/2016\/09\/A_18_DSC03266-300x225.jpg 300w, https:\/\/sy-mora.de\/wp-content\/uploads\/2016\/09\/A_18_DSC03266-768x576.jpg 768w, https:\/\/sy-mora.de\/wp-content\/uploads\/2016\/09\/A_18_DSC03266-1024x768.jpg 1024w, https:\/\/sy-mora.de\/wp-content\/uploads\/2016\/09\/A_18_DSC03266-624x468.jpg 624w\" sizes=\"auto, (max-width: 1440px) 100vw, 1440px\" \/><\/p>\n<p><img loading=\"lazy\" decoding=\"async\" class=\"size-full wp-image-1236\" src=\"https:\/\/sy-mora.de\/wp-content\/uploads\/2016\/09\/I_1_DSC03235.jpg\" alt=\"Innen\" width=\"1440\" height=\"1080\" srcset=\"https:\/\/sy-mora.de\/wp-content\/uploads\/2016\/09\/I_1_DSC03235.jpg 1440w, https:\/\/sy-mora.de\/wp-content\/uploads\/2016\/09\/I_1_DSC03235-300x225.jpg 300w, https:\/\/sy-mora.de\/wp-content\/uploads\/2016\/09\/I_1_DSC03235-768x576.jpg 768w, https:\/\/sy-mora.de\/wp-content\/uploads\/2016\/09\/I_1_DSC03235-1024x768.jpg 1024w, https:\/\/sy-mora.de\/wp-content\/uploads\/2016\/09\/I_1_DSC03235-624x468.jpg 624w\" sizes=\"auto, (max-width: 1440px) 100vw, 1440px\" \/><\/p>\n<p><img loading=\"lazy\" decoding=\"async\" class=\"size-full wp-image-1237\" src=\"https:\/\/sy-mora.de\/wp-content\/uploads\/2016\/09\/I_2_DSC03237.jpg\" alt=\"Innen\" width=\"1440\" height=\"1080\" srcset=\"https:\/\/sy-mora.de\/wp-content\/uploads\/2016\/09\/I_2_DSC03237.jpg 1440w, https:\/\/sy-mora.de\/wp-content\/uploads\/2016\/09\/I_2_DSC03237-300x225.jpg 300w, https:\/\/sy-mora.de\/wp-content\/uploads\/2016\/09\/I_2_DSC03237-768x576.jpg 768w, https:\/\/sy-mora.de\/wp-content\/uploads\/2016\/09\/I_2_DSC03237-1024x768.jpg 1024w, https:\/\/sy-mora.de\/wp-content\/uploads\/2016\/09\/I_2_DSC03237-624x468.jpg 624w\" sizes=\"auto, (max-width: 1440px) 100vw, 1440px\" \/><\/p>\n<p><img loading=\"lazy\" decoding=\"async\" class=\"size-full wp-image-1238\" src=\"https:\/\/sy-mora.de\/wp-content\/uploads\/2016\/09\/I_3_DSC03238.jpg\" alt=\"Innen\" width=\"1440\" height=\"1080\" srcset=\"https:\/\/sy-mora.de\/wp-content\/uploads\/2016\/09\/I_3_DSC03238.jpg 1440w, https:\/\/sy-mora.de\/wp-content\/uploads\/2016\/09\/I_3_DSC03238-300x225.jpg 300w, https:\/\/sy-mora.de\/wp-content\/uploads\/2016\/09\/I_3_DSC03238-768x576.jpg 768w, https:\/\/sy-mora.de\/wp-content\/uploads\/2016\/09\/I_3_DSC03238-1024x768.jpg 1024w, https:\/\/sy-mora.de\/wp-content\/uploads\/2016\/09\/I_3_DSC03238-624x468.jpg 624w\" sizes=\"auto, (max-width: 1440px) 100vw, 1440px\" \/><\/p>\n<p><img loading=\"lazy\" decoding=\"async\" class=\"size-full wp-image-1239\" src=\"https:\/\/sy-mora.de\/wp-content\/uploads\/2016\/09\/I_4_DSC03265.jpg\" alt=\"Innen\" width=\"1440\" height=\"1080\" srcset=\"https:\/\/sy-mora.de\/wp-content\/uploads\/2016\/09\/I_4_DSC03265.jpg 1440w, https:\/\/sy-mora.de\/wp-content\/uploads\/2016\/09\/I_4_DSC03265-300x225.jpg 300w, https:\/\/sy-mora.de\/wp-content\/uploads\/2016\/09\/I_4_DSC03265-768x576.jpg 768w, https:\/\/sy-mora.de\/wp-content\/uploads\/2016\/09\/I_4_DSC03265-1024x768.jpg 1024w, https:\/\/sy-mora.de\/wp-content\/uploads\/2016\/09\/I_4_DSC03265-624x468.jpg 624w\" sizes=\"auto, (max-width: 1440px) 100vw, 1440px\" \/><\/p>\n<p><img loading=\"lazy\" decoding=\"async\" class=\"size-full wp-image-1240\" src=\"https:\/\/sy-mora.de\/wp-content\/uploads\/2016\/09\/I_5_DSC03243.jpg\" alt=\"Innen\" width=\"1440\" height=\"1080\" srcset=\"https:\/\/sy-mora.de\/wp-content\/uploads\/2016\/09\/I_5_DSC03243.jpg 1440w, https:\/\/sy-mora.de\/wp-content\/uploads\/2016\/09\/I_5_DSC03243-300x225.jpg 300w, https:\/\/sy-mora.de\/wp-content\/uploads\/2016\/09\/I_5_DSC03243-768x576.jpg 768w, https:\/\/sy-mora.de\/wp-content\/uploads\/2016\/09\/I_5_DSC03243-1024x768.jpg 1024w, https:\/\/sy-mora.de\/wp-content\/uploads\/2016\/09\/I_5_DSC03243-624x468.jpg 624w\" sizes=\"auto, (max-width: 1440px) 100vw, 1440px\" \/><\/p>\n<p><img loading=\"lazy\" decoding=\"async\" class=\"size-full wp-image-1241\" src=\"https:\/\/sy-mora.de\/wp-content\/uploads\/2016\/09\/I_6_DSC03246.jpg\" alt=\"Innen\" width=\"1440\" height=\"1080\" srcset=\"https:\/\/sy-mora.de\/wp-content\/uploads\/2016\/09\/I_6_DSC03246.jpg 1440w, https:\/\/sy-mora.de\/wp-content\/uploads\/2016\/09\/I_6_DSC03246-300x225.jpg 300w, https:\/\/sy-mora.de\/wp-content\/uploads\/2016\/09\/I_6_DSC03246-768x576.jpg 768w, https:\/\/sy-mora.de\/wp-content\/uploads\/2016\/09\/I_6_DSC03246-1024x768.jpg 1024w, https:\/\/sy-mora.de\/wp-content\/uploads\/2016\/09\/I_6_DSC03246-624x468.jpg 624w\" sizes=\"auto, (max-width: 1440px) 100vw, 1440px\" \/><\/p>\n<p><img loading=\"lazy\" decoding=\"async\" class=\"size-full wp-image-1242\" src=\"https:\/\/sy-mora.de\/wp-content\/uploads\/2016\/09\/I_7_DSC03257.jpg\" alt=\"Innen\" width=\"1440\" height=\"1080\" srcset=\"https:\/\/sy-mora.de\/wp-content\/uploads\/2016\/09\/I_7_DSC03257.jpg 1440w, https:\/\/sy-mora.de\/wp-content\/uploads\/2016\/09\/I_7_DSC03257-300x225.jpg 300w, https:\/\/sy-mora.de\/wp-content\/uploads\/2016\/09\/I_7_DSC03257-768x576.jpg 768w, https:\/\/sy-mora.de\/wp-content\/uploads\/2016\/09\/I_7_DSC03257-1024x768.jpg 1024w, https:\/\/sy-mora.de\/wp-content\/uploads\/2016\/09\/I_7_DSC03257-624x468.jpg 624w\" sizes=\"auto, (max-width: 1440px) 100vw, 1440px\" \/><\/p>\n<p><img loading=\"lazy\" decoding=\"async\" class=\"size-full wp-image-1243\" src=\"https:\/\/sy-mora.de\/wp-content\/uploads\/2016\/09\/I_8_DSC03260.jpg\" alt=\"Jesus\" width=\"1440\" height=\"1080\" srcset=\"https:\/\/sy-mora.de\/wp-content\/uploads\/2016\/09\/I_8_DSC03260.jpg 1440w, https:\/\/sy-mora.de\/wp-content\/uploads\/2016\/09\/I_8_DSC03260-300x225.jpg 300w, https:\/\/sy-mora.de\/wp-content\/uploads\/2016\/09\/I_8_DSC03260-768x576.jpg 768w, https:\/\/sy-mora.de\/wp-content\/uploads\/2016\/09\/I_8_DSC03260-1024x768.jpg 1024w, https:\/\/sy-mora.de\/wp-content\/uploads\/2016\/09\/I_8_DSC03260-624x468.jpg 624w\" sizes=\"auto, (max-width: 1440px) 100vw, 1440px\" \/><\/p>\n<div id=\"attachment_1244\" style=\"width: 1450px\" class=\"wp-caption alignleft\"><img loading=\"lazy\" decoding=\"async\" aria-describedby=\"caption-attachment-1244\" class=\"size-full wp-image-1244\" src=\"https:\/\/sy-mora.de\/wp-content\/uploads\/2016\/09\/I_9_Santiago-Apostol_DSC03248.jpg\" alt=\"Santiago Ap\u00f3stol \" width=\"1440\" height=\"1080\" srcset=\"https:\/\/sy-mora.de\/wp-content\/uploads\/2016\/09\/I_9_Santiago-Apostol_DSC03248.jpg 1440w, https:\/\/sy-mora.de\/wp-content\/uploads\/2016\/09\/I_9_Santiago-Apostol_DSC03248-300x225.jpg 300w, https:\/\/sy-mora.de\/wp-content\/uploads\/2016\/09\/I_9_Santiago-Apostol_DSC03248-768x576.jpg 768w, https:\/\/sy-mora.de\/wp-content\/uploads\/2016\/09\/I_9_Santiago-Apostol_DSC03248-1024x768.jpg 1024w, https:\/\/sy-mora.de\/wp-content\/uploads\/2016\/09\/I_9_Santiago-Apostol_DSC03248-624x468.jpg 624w\" sizes=\"auto, (max-width: 1440px) 100vw, 1440px\" \/><p id=\"caption-attachment-1244\" class=\"wp-caption-text\">Santiago Ap\u00f3stol<\/p><\/div>\n<div id=\"attachment_1245\" style=\"width: 1450px\" class=\"wp-caption alignleft\"><img loading=\"lazy\" decoding=\"async\" aria-describedby=\"caption-attachment-1245\" class=\"size-full wp-image-1245\" src=\"https:\/\/sy-mora.de\/wp-content\/uploads\/2016\/09\/I_10_Virgen-de-Lourdes_DSC03250.jpg\" alt=\"Virgen de Lourdes\" width=\"1440\" height=\"1080\" srcset=\"https:\/\/sy-mora.de\/wp-content\/uploads\/2016\/09\/I_10_Virgen-de-Lourdes_DSC03250.jpg 1440w, https:\/\/sy-mora.de\/wp-content\/uploads\/2016\/09\/I_10_Virgen-de-Lourdes_DSC03250-300x225.jpg 300w, https:\/\/sy-mora.de\/wp-content\/uploads\/2016\/09\/I_10_Virgen-de-Lourdes_DSC03250-768x576.jpg 768w, https:\/\/sy-mora.de\/wp-content\/uploads\/2016\/09\/I_10_Virgen-de-Lourdes_DSC03250-1024x768.jpg 1024w, https:\/\/sy-mora.de\/wp-content\/uploads\/2016\/09\/I_10_Virgen-de-Lourdes_DSC03250-624x468.jpg 624w\" sizes=\"auto, (max-width: 1440px) 100vw, 1440px\" \/><p id=\"caption-attachment-1245\" class=\"wp-caption-text\">Virgen de Lourdes<\/p><\/div>\n<div id=\"attachment_1246\" style=\"width: 1450px\" class=\"wp-caption alignleft\"><img loading=\"lazy\" decoding=\"async\" aria-describedby=\"caption-attachment-1246\" class=\"size-full wp-image-1246\" src=\"https:\/\/sy-mora.de\/wp-content\/uploads\/2016\/09\/I_11_Virgen-de-Fatima_DSC03252.jpg\" alt=\"Virgen de Fatima\" width=\"1440\" height=\"1080\" srcset=\"https:\/\/sy-mora.de\/wp-content\/uploads\/2016\/09\/I_11_Virgen-de-Fatima_DSC03252.jpg 1440w, https:\/\/sy-mora.de\/wp-content\/uploads\/2016\/09\/I_11_Virgen-de-Fatima_DSC03252-300x225.jpg 300w, https:\/\/sy-mora.de\/wp-content\/uploads\/2016\/09\/I_11_Virgen-de-Fatima_DSC03252-768x576.jpg 768w, https:\/\/sy-mora.de\/wp-content\/uploads\/2016\/09\/I_11_Virgen-de-Fatima_DSC03252-1024x768.jpg 1024w, https:\/\/sy-mora.de\/wp-content\/uploads\/2016\/09\/I_11_Virgen-de-Fatima_DSC03252-624x468.jpg 624w\" sizes=\"auto, (max-width: 1440px) 100vw, 1440px\" \/><p id=\"caption-attachment-1246\" class=\"wp-caption-text\">Virgen de Fatima<\/p><\/div>\n<div id=\"attachment_1247\" style=\"width: 1450px\" class=\"wp-caption alignleft\"><img loading=\"lazy\" decoding=\"async\" aria-describedby=\"caption-attachment-1247\" class=\"size-full wp-image-1247\" src=\"https:\/\/sy-mora.de\/wp-content\/uploads\/2016\/09\/I_12_Virgen-del-Carmen_DSC03254.jpg\" alt=\"Virgen del Carmen\" width=\"1440\" height=\"1080\" srcset=\"https:\/\/sy-mora.de\/wp-content\/uploads\/2016\/09\/I_12_Virgen-del-Carmen_DSC03254.jpg 1440w, https:\/\/sy-mora.de\/wp-content\/uploads\/2016\/09\/I_12_Virgen-del-Carmen_DSC03254-300x225.jpg 300w, https:\/\/sy-mora.de\/wp-content\/uploads\/2016\/09\/I_12_Virgen-del-Carmen_DSC03254-768x576.jpg 768w, https:\/\/sy-mora.de\/wp-content\/uploads\/2016\/09\/I_12_Virgen-del-Carmen_DSC03254-1024x768.jpg 1024w, https:\/\/sy-mora.de\/wp-content\/uploads\/2016\/09\/I_12_Virgen-del-Carmen_DSC03254-624x468.jpg 624w\" sizes=\"auto, (max-width: 1440px) 100vw, 1440px\" \/><p id=\"caption-attachment-1247\" class=\"wp-caption-text\">Virgen del Carmen<\/p><\/div>\n<div id=\"attachment_1248\" style=\"width: 1450px\" class=\"wp-caption alignleft\"><img loading=\"lazy\" decoding=\"async\" aria-describedby=\"caption-attachment-1248\" class=\"size-full wp-image-1248\" src=\"https:\/\/sy-mora.de\/wp-content\/uploads\/2016\/09\/I_13_Virgen-de-la-Soledad_DSC03259.jpg\" alt=\"Virgen de la Soledad\" width=\"1440\" height=\"1080\" srcset=\"https:\/\/sy-mora.de\/wp-content\/uploads\/2016\/09\/I_13_Virgen-de-la-Soledad_DSC03259.jpg 1440w, https:\/\/sy-mora.de\/wp-content\/uploads\/2016\/09\/I_13_Virgen-de-la-Soledad_DSC03259-300x225.jpg 300w, https:\/\/sy-mora.de\/wp-content\/uploads\/2016\/09\/I_13_Virgen-de-la-Soledad_DSC03259-768x576.jpg 768w, https:\/\/sy-mora.de\/wp-content\/uploads\/2016\/09\/I_13_Virgen-de-la-Soledad_DSC03259-1024x768.jpg 1024w, https:\/\/sy-mora.de\/wp-content\/uploads\/2016\/09\/I_13_Virgen-de-la-Soledad_DSC03259-624x468.jpg 624w\" sizes=\"auto, (max-width: 1440px) 100vw, 1440px\" \/><p id=\"caption-attachment-1248\" class=\"wp-caption-text\">Virgen de la Soledad<\/p><\/div>\n<div id=\"attachment_1249\" style=\"width: 1450px\" class=\"wp-caption alignleft\"><img loading=\"lazy\" decoding=\"async\" aria-describedby=\"caption-attachment-1249\" class=\"size-full wp-image-1249\" src=\"https:\/\/sy-mora.de\/wp-content\/uploads\/2016\/09\/I_14_Santa-Maria-Madre_DSC03262.jpg\" alt=\"Santa Maria Madre\" width=\"1440\" height=\"1080\" srcset=\"https:\/\/sy-mora.de\/wp-content\/uploads\/2016\/09\/I_14_Santa-Maria-Madre_DSC03262.jpg 1440w, https:\/\/sy-mora.de\/wp-content\/uploads\/2016\/09\/I_14_Santa-Maria-Madre_DSC03262-300x225.jpg 300w, https:\/\/sy-mora.de\/wp-content\/uploads\/2016\/09\/I_14_Santa-Maria-Madre_DSC03262-768x576.jpg 768w, https:\/\/sy-mora.de\/wp-content\/uploads\/2016\/09\/I_14_Santa-Maria-Madre_DSC03262-1024x768.jpg 1024w, https:\/\/sy-mora.de\/wp-content\/uploads\/2016\/09\/I_14_Santa-Maria-Madre_DSC03262-624x468.jpg 624w\" sizes=\"auto, (max-width: 1440px) 100vw, 1440px\" \/><p id=\"caption-attachment-1249\" class=\"wp-caption-text\">Santa Maria Madre<\/p><\/div>\n<div id=\"attachment_1250\" style=\"width: 1450px\" class=\"wp-caption alignleft\"><img loading=\"lazy\" decoding=\"async\" aria-describedby=\"caption-attachment-1250\" class=\"size-full wp-image-1250\" src=\"https:\/\/sy-mora.de\/wp-content\/uploads\/2016\/09\/S_1_DSC03218.jpg\" alt=\"von so viel Kultur geblendet\" width=\"1440\" height=\"1080\" srcset=\"https:\/\/sy-mora.de\/wp-content\/uploads\/2016\/09\/S_1_DSC03218.jpg 1440w, https:\/\/sy-mora.de\/wp-content\/uploads\/2016\/09\/S_1_DSC03218-300x225.jpg 300w, https:\/\/sy-mora.de\/wp-content\/uploads\/2016\/09\/S_1_DSC03218-768x576.jpg 768w, https:\/\/sy-mora.de\/wp-content\/uploads\/2016\/09\/S_1_DSC03218-1024x768.jpg 1024w, https:\/\/sy-mora.de\/wp-content\/uploads\/2016\/09\/S_1_DSC03218-624x468.jpg 624w\" sizes=\"auto, (max-width: 1440px) 100vw, 1440px\" \/><p id=\"caption-attachment-1250\" class=\"wp-caption-text\">von so viel Kultur geblendet<\/p><\/div>\n<div id=\"attachment_1251\" style=\"width: 1450px\" class=\"wp-caption alignleft\"><img loading=\"lazy\" decoding=\"async\" aria-describedby=\"caption-attachment-1251\" class=\"size-full wp-image-1251\" src=\"https:\/\/sy-mora.de\/wp-content\/uploads\/2016\/09\/S_2_DSC03215.jpg\" alt=\"Tagesmen\u00fc f\u00fcr hungrige Pilgerer\" width=\"1440\" height=\"1080\" srcset=\"https:\/\/sy-mora.de\/wp-content\/uploads\/2016\/09\/S_2_DSC03215.jpg 1440w, https:\/\/sy-mora.de\/wp-content\/uploads\/2016\/09\/S_2_DSC03215-300x225.jpg 300w, https:\/\/sy-mora.de\/wp-content\/uploads\/2016\/09\/S_2_DSC03215-768x576.jpg 768w, https:\/\/sy-mora.de\/wp-content\/uploads\/2016\/09\/S_2_DSC03215-1024x768.jpg 1024w, https:\/\/sy-mora.de\/wp-content\/uploads\/2016\/09\/S_2_DSC03215-624x468.jpg 624w\" sizes=\"auto, (max-width: 1440px) 100vw, 1440px\" \/><p id=\"caption-attachment-1251\" class=\"wp-caption-text\">Tagesmen\u00fc f\u00fcr hungrige Pilgerer<\/p><\/div>\n<div id=\"attachment_1252\" style=\"width: 1450px\" class=\"wp-caption alignleft\"><img loading=\"lazy\" decoding=\"async\" aria-describedby=\"caption-attachment-1252\" class=\"size-full wp-image-1252\" src=\"https:\/\/sy-mora.de\/wp-content\/uploads\/2016\/09\/S_3_DSC03277.jpg\" alt=\"am Eingang zum Speisesaal\" width=\"1440\" height=\"1080\" srcset=\"https:\/\/sy-mora.de\/wp-content\/uploads\/2016\/09\/S_3_DSC03277.jpg 1440w, https:\/\/sy-mora.de\/wp-content\/uploads\/2016\/09\/S_3_DSC03277-300x225.jpg 300w, https:\/\/sy-mora.de\/wp-content\/uploads\/2016\/09\/S_3_DSC03277-768x576.jpg 768w, https:\/\/sy-mora.de\/wp-content\/uploads\/2016\/09\/S_3_DSC03277-1024x768.jpg 1024w, https:\/\/sy-mora.de\/wp-content\/uploads\/2016\/09\/S_3_DSC03277-624x468.jpg 624w\" sizes=\"auto, (max-width: 1440px) 100vw, 1440px\" \/><p id=\"caption-attachment-1252\" class=\"wp-caption-text\">am Eingang zum Speisesaal<\/p><\/div>\n<div id=\"attachment_1253\" style=\"width: 1450px\" class=\"wp-caption alignleft\"><img loading=\"lazy\" decoding=\"async\" aria-describedby=\"caption-attachment-1253\" class=\"size-full wp-image-1253\" src=\"https:\/\/sy-mora.de\/wp-content\/uploads\/2016\/09\/S_4_DSC03272.jpg\" alt=\"in der Cafeteria\" width=\"1440\" height=\"1080\" srcset=\"https:\/\/sy-mora.de\/wp-content\/uploads\/2016\/09\/S_4_DSC03272.jpg 1440w, https:\/\/sy-mora.de\/wp-content\/uploads\/2016\/09\/S_4_DSC03272-300x225.jpg 300w, https:\/\/sy-mora.de\/wp-content\/uploads\/2016\/09\/S_4_DSC03272-768x576.jpg 768w, https:\/\/sy-mora.de\/wp-content\/uploads\/2016\/09\/S_4_DSC03272-1024x768.jpg 1024w, https:\/\/sy-mora.de\/wp-content\/uploads\/2016\/09\/S_4_DSC03272-624x468.jpg 624w\" sizes=\"auto, (max-width: 1440px) 100vw, 1440px\" \/><p id=\"caption-attachment-1253\" class=\"wp-caption-text\">in der Cafeteria<\/p><\/div>\n<div id=\"attachment_1254\" style=\"width: 1450px\" class=\"wp-caption alignleft\"><img loading=\"lazy\" decoding=\"async\" aria-describedby=\"caption-attachment-1254\" class=\"size-full wp-image-1254\" src=\"https:\/\/sy-mora.de\/wp-content\/uploads\/2016\/09\/S_5_DSC03270.jpg\" alt=\"Kaffee und Kuchen f\u00fcr 2 Pilgerer = 6 Euro, da kann man es sich schmecken lassen\" width=\"1440\" height=\"1080\" srcset=\"https:\/\/sy-mora.de\/wp-content\/uploads\/2016\/09\/S_5_DSC03270.jpg 1440w, https:\/\/sy-mora.de\/wp-content\/uploads\/2016\/09\/S_5_DSC03270-300x225.jpg 300w, https:\/\/sy-mora.de\/wp-content\/uploads\/2016\/09\/S_5_DSC03270-768x576.jpg 768w, https:\/\/sy-mora.de\/wp-content\/uploads\/2016\/09\/S_5_DSC03270-1024x768.jpg 1024w, https:\/\/sy-mora.de\/wp-content\/uploads\/2016\/09\/S_5_DSC03270-624x468.jpg 624w\" sizes=\"auto, (max-width: 1440px) 100vw, 1440px\" \/><p id=\"caption-attachment-1254\" class=\"wp-caption-text\">Kaffee und Kuchen f\u00fcr 2 Pilgerer = 6 Euro, da kann man es sich schmecken lassen<\/p><\/div>\n<div id=\"attachment_1255\" style=\"width: 1450px\" class=\"wp-caption alignleft\"><img loading=\"lazy\" decoding=\"async\" aria-describedby=\"caption-attachment-1255\" class=\"size-full wp-image-1255\" src=\"https:\/\/sy-mora.de\/wp-content\/uploads\/2016\/09\/S_6_DSC03279.jpg\" alt=\"im Garten der Herberge\" width=\"1440\" height=\"1080\" srcset=\"https:\/\/sy-mora.de\/wp-content\/uploads\/2016\/09\/S_6_DSC03279.jpg 1440w, https:\/\/sy-mora.de\/wp-content\/uploads\/2016\/09\/S_6_DSC03279-300x225.jpg 300w, https:\/\/sy-mora.de\/wp-content\/uploads\/2016\/09\/S_6_DSC03279-768x576.jpg 768w, https:\/\/sy-mora.de\/wp-content\/uploads\/2016\/09\/S_6_DSC03279-1024x768.jpg 1024w, https:\/\/sy-mora.de\/wp-content\/uploads\/2016\/09\/S_6_DSC03279-624x468.jpg 624w\" sizes=\"auto, (max-width: 1440px) 100vw, 1440px\" \/><p id=\"caption-attachment-1255\" class=\"wp-caption-text\">im Garten der Herberge<\/p><\/div>\n<div id=\"attachment_1256\" style=\"width: 1450px\" class=\"wp-caption alignleft\"><img loading=\"lazy\" decoding=\"async\" aria-describedby=\"caption-attachment-1256\" class=\"size-full wp-image-1256\" src=\"https:\/\/sy-mora.de\/wp-content\/uploads\/2016\/09\/S_7_DSC03280.jpg\" alt=\"Garten die 2.\" width=\"1440\" height=\"1080\" srcset=\"https:\/\/sy-mora.de\/wp-content\/uploads\/2016\/09\/S_7_DSC03280.jpg 1440w, https:\/\/sy-mora.de\/wp-content\/uploads\/2016\/09\/S_7_DSC03280-300x225.jpg 300w, https:\/\/sy-mora.de\/wp-content\/uploads\/2016\/09\/S_7_DSC03280-768x576.jpg 768w, https:\/\/sy-mora.de\/wp-content\/uploads\/2016\/09\/S_7_DSC03280-1024x768.jpg 1024w, https:\/\/sy-mora.de\/wp-content\/uploads\/2016\/09\/S_7_DSC03280-624x468.jpg 624w\" sizes=\"auto, (max-width: 1440px) 100vw, 1440px\" \/><p id=\"caption-attachment-1256\" class=\"wp-caption-text\">Garten die 2.<\/p><\/div>\n<div id=\"attachment_1257\" style=\"width: 1450px\" class=\"wp-caption alignleft\"><img loading=\"lazy\" decoding=\"async\" aria-describedby=\"caption-attachment-1257\" class=\"size-full wp-image-1257\" src=\"https:\/\/sy-mora.de\/wp-content\/uploads\/2016\/09\/S_8_DSC03275.jpg\" alt=\"was man aus alten Holzkisten alles so basteln kann...\" width=\"1440\" height=\"1080\" srcset=\"https:\/\/sy-mora.de\/wp-content\/uploads\/2016\/09\/S_8_DSC03275.jpg 1440w, https:\/\/sy-mora.de\/wp-content\/uploads\/2016\/09\/S_8_DSC03275-300x225.jpg 300w, https:\/\/sy-mora.de\/wp-content\/uploads\/2016\/09\/S_8_DSC03275-768x576.jpg 768w, https:\/\/sy-mora.de\/wp-content\/uploads\/2016\/09\/S_8_DSC03275-1024x768.jpg 1024w, https:\/\/sy-mora.de\/wp-content\/uploads\/2016\/09\/S_8_DSC03275-624x468.jpg 624w\" sizes=\"auto, (max-width: 1440px) 100vw, 1440px\" \/><p id=\"caption-attachment-1257\" class=\"wp-caption-text\">was man aus alten Holzkisten alles so basteln kann&#8230;<\/p><\/div>\n<p>&nbsp;<\/p>\n","protected":false},"excerpt":{"rendered":"<p>Sp\u00e4testens seit Hape Kerkeling wissen wir \u00fcber die Existenz von dem Pilgerort Santiago de Compostela. Da f\u00fcr mich, mit meinen kurzen Beinen, eine Wanderung von Deutschland nach Spanien nicht in Betracht kam, haben wir uns f\u00fcr die einfachere Variante mit Anreise per Segelyacht und Reisebus entschieden. Bei dieser Tour m\u00fcssen nur die letzten 2 Kilometer [&hellip;]<\/p>\n","protected":false},"author":3,"featured_media":1216,"comment_status":"open","ping_status":"closed","sticky":false,"template":"","format":"standard","meta":{"footnotes":""},"categories":[9,11],"tags":[],"class_list":["post-1213","post","type-post","status-publish","format-standard","has-post-thumbnail","hentry","category-9","category-b"],"_links":{"self":[{"href":"https:\/\/sy-mora.de\/index.php?rest_route=\/wp\/v2\/posts\/1213","targetHints":{"allow":["GET"]}}],"collection":[{"href":"https:\/\/sy-mora.de\/index.php?rest_route=\/wp\/v2\/posts"}],"about":[{"href":"https:\/\/sy-mora.de\/index.php?rest_route=\/wp\/v2\/types\/post"}],"author":[{"embeddable":true,"href":"https:\/\/sy-mora.de\/index.php?rest_route=\/wp\/v2\/users\/3"}],"replies":[{"embeddable":true,"href":"https:\/\/sy-mora.de\/index.php?rest_route=%2Fwp%2Fv2%2Fcomments&post=1213"}],"version-history":[{"count":5,"href":"https:\/\/sy-mora.de\/index.php?rest_route=\/wp\/v2\/posts\/1213\/revisions"}],"predecessor-version":[{"id":1260,"href":"https:\/\/sy-mora.de\/index.php?rest_route=\/wp\/v2\/posts\/1213\/revisions\/1260"}],"wp:featuredmedia":[{"embeddable":true,"href":"https:\/\/sy-mora.de\/index.php?rest_route=\/wp\/v2\/media\/1216"}],"wp:attachment":[{"href":"https:\/\/sy-mora.de\/index.php?rest_route=%2Fwp%2Fv2%2Fmedia&parent=1213"}],"wp:term":[{"taxonomy":"category","embeddable":true,"href":"https:\/\/sy-mora.de\/index.php?rest_route=%2Fwp%2Fv2%2Fcategories&post=1213"},{"taxonomy":"post_tag","embeddable":true,"href":"https:\/\/sy-mora.de\/index.php?rest_route=%2Fwp%2Fv2%2Ftags&post=1213"}],"curies":[{"name":"wp","href":"https:\/\/api.w.org\/{rel}","templated":true}]}}