{"id":2182,"date":"2017-09-12T16:32:09","date_gmt":"2017-09-12T15:32:09","guid":{"rendered":"http:\/\/sy-mora.de\/?p=2182"},"modified":"2017-09-12T17:03:55","modified_gmt":"2017-09-12T16:03:55","slug":"irma","status":"publish","type":"post","link":"https:\/\/sy-mora.de\/?p=2182","title":{"rendered":"Hurrikane IRMA zieht \u00fcber unsere mora"},"content":{"rendered":"<p>Der gr\u00f6\u00dfte, jemals im Nordatlantik beobachtete Hurrikan <strong>Irma,<\/strong> hat eine Schneise der Verw\u00fcstung durch die Karibik gezogen. Die Infrastruktur auf der sch\u00f6nen Insel Barbuda welche wir noch im Mai besuchten und die uns mit ihrem kilometerlangen, leicht r\u00f6tlichen Sandstrand, den Mangroven und den darauf nistenden Fregattv\u00f6geln auf ewig in Erinnerung bleiben wird, ist zu nahezu 100 % zerst\u00f6rt. Die bei Langfahrtseglern so beliebte Simpson Bay auf St. Maarten mit den vielen Yachtausr\u00fcstern sieht aus wie nach einem Bombenangriff. Der Bitter-End-Yachtclub auf den BVI\u00b4S in dessen H\u00e4ngematten wir gelegen haben ist Geschichte und wir wissen nicht ob es Little Jost van Dycke noch gibt mit ihrer kleinen vorgelagerten Insel Sandy Split, wo wir uns so wohl gef\u00fchlt haben. Es ist eine traurige Bilanz f\u00fcr die Menschen und die Natur.<\/p>\n<p>Unsere mora liegt an der Ostk\u00fcste kurz oberhalb von Florida und wir haben das ganze Wochenende bis einschlie\u00dflich Montag den Kurs von Irma verfolgt. Es stand lange Zeit nicht fest, wie heftig der Wind und die Wassermassen auf unsere Marina treffen werden. Das der Sturm zu uns kommt stand fest, nur nicht in welcher St\u00e4rke? Wir waren so froh, das Jo und Margit von der Kyla vor Ort waren und sich auch um unsere mora gek\u00fcmmert haben. Sie pr\u00fcften alle Leinen, verstauten noch einige Gegenst\u00e4nde sturmsicher und hielten uns die ganze Zeit telefonisch auf dem Laufenden. Wir k\u00f6nnen den beiden nicht genug danken!!!<\/p>\n<p>Die Marina mit ihren \u00fcber 300 Schiffen hat den Sturm heil \u00fcberstanden. Kein Steg hat sich von der Verankerung gel\u00f6st. Unserer mora ist nichts passiert. Die Marina ist tats\u00e4chlich ein Hurrican-Hole. Das k\u00f6nnen wir nun best\u00e4tigen.<\/p>\n<p>Im Ort Brunswick sind eine ganze Reihe Stra\u00dfen \u00fcberflutet, es liegen zum Teil Strommasten und Palmen auf den Stra\u00dfen, einige D\u00e4cher sind davongeflogen und bis zum Wochenende gilt von Mitternacht bis 6:00 a.m. eine Ausgangssperre zum Schutz vor Pl\u00fcnderungen. Doch damit ist der Ort im Vergleich zum S\u00fcden von Florida noch ganz gut weggekommen.\u00a0Nun atmen wir kurz durch und sind froh nochmal davongekommen zu sein. Aber es ist nur ein kurzes Durchatmen. Der n\u00e4chste Hurrikan <strong>Jose<\/strong> ist zur Zeit nord\u00f6stlich der Bahamas und es ist noch nicht klar wohin er in den n\u00e4chsten Tagen zieht. Also weiterhin Daumendr\u00fccken!<\/p>\n<p>Im Anschluss noch ein paar aktuelle Bilder aus Brunswick mit freundlicher Genehmigung von der Weltbesten Hurrikan Fotografin Margit&#8230; \ud83d\ude42<\/p>\n<div id=\"attachment_2188\" style=\"width: 1034px\" class=\"wp-caption alignleft\"><img loading=\"lazy\" decoding=\"async\" aria-describedby=\"caption-attachment-2188\" class=\"size-full wp-image-2188\" src=\"https:\/\/sy-mora.de\/wp-content\/uploads\/2017\/09\/1_Marinaparkplatz.jpg\" alt=\"\" width=\"1024\" height=\"576\" srcset=\"https:\/\/sy-mora.de\/wp-content\/uploads\/2017\/09\/1_Marinaparkplatz.jpg 1024w, https:\/\/sy-mora.de\/wp-content\/uploads\/2017\/09\/1_Marinaparkplatz-300x169.jpg 300w, https:\/\/sy-mora.de\/wp-content\/uploads\/2017\/09\/1_Marinaparkplatz-768x432.jpg 768w, https:\/\/sy-mora.de\/wp-content\/uploads\/2017\/09\/1_Marinaparkplatz-624x351.jpg 624w\" sizes=\"auto, (max-width: 1024px) 100vw, 1024px\" \/><p id=\"caption-attachment-2188\" class=\"wp-caption-text\">Der Zugang zu den Stegen geht normalerweise 2 -3 Meter nach unten<\/p><\/div>\n<div id=\"attachment_2189\" style=\"width: 1034px\" class=\"wp-caption alignleft\"><img loading=\"lazy\" decoding=\"async\" aria-describedby=\"caption-attachment-2189\" class=\"size-full wp-image-2189\" src=\"https:\/\/sy-mora.de\/wp-content\/uploads\/2017\/09\/2_Clubhaus.jpg\" alt=\"\" width=\"1024\" height=\"576\" srcset=\"https:\/\/sy-mora.de\/wp-content\/uploads\/2017\/09\/2_Clubhaus.jpg 1024w, https:\/\/sy-mora.de\/wp-content\/uploads\/2017\/09\/2_Clubhaus-300x169.jpg 300w, https:\/\/sy-mora.de\/wp-content\/uploads\/2017\/09\/2_Clubhaus-768x432.jpg 768w, https:\/\/sy-mora.de\/wp-content\/uploads\/2017\/09\/2_Clubhaus-624x351.jpg 624w\" sizes=\"auto, (max-width: 1024px) 100vw, 1024px\" \/><p id=\"caption-attachment-2189\" class=\"wp-caption-text\">die Strasse zum Clubhaus<\/p><\/div>\n<div id=\"attachment_2190\" style=\"width: 1034px\" class=\"wp-caption alignleft\"><img loading=\"lazy\" decoding=\"async\" aria-describedby=\"caption-attachment-2190\" class=\"size-full wp-image-2190\" src=\"https:\/\/sy-mora.de\/wp-content\/uploads\/2017\/09\/3_Tankstelle.jpg\" alt=\"\" width=\"1024\" height=\"576\" srcset=\"https:\/\/sy-mora.de\/wp-content\/uploads\/2017\/09\/3_Tankstelle.jpg 1024w, https:\/\/sy-mora.de\/wp-content\/uploads\/2017\/09\/3_Tankstelle-300x169.jpg 300w, https:\/\/sy-mora.de\/wp-content\/uploads\/2017\/09\/3_Tankstelle-768x432.jpg 768w, https:\/\/sy-mora.de\/wp-content\/uploads\/2017\/09\/3_Tankstelle-624x351.jpg 624w\" sizes=\"auto, (max-width: 1024px) 100vw, 1024px\" \/><p id=\"caption-attachment-2190\" class=\"wp-caption-text\">Tankstelle mit Dachschaden&#8230;<\/p><\/div>\n<div id=\"attachment_2191\" style=\"width: 1034px\" class=\"wp-caption alignleft\"><img loading=\"lazy\" decoding=\"async\" aria-describedby=\"caption-attachment-2191\" class=\"size-full wp-image-2191\" src=\"https:\/\/sy-mora.de\/wp-content\/uploads\/2017\/09\/4_B\u00e4ume.jpg\" alt=\"\" width=\"1024\" height=\"576\" srcset=\"https:\/\/sy-mora.de\/wp-content\/uploads\/2017\/09\/4_B\u00e4ume.jpg 1024w, https:\/\/sy-mora.de\/wp-content\/uploads\/2017\/09\/4_B\u00e4ume-300x169.jpg 300w, https:\/\/sy-mora.de\/wp-content\/uploads\/2017\/09\/4_B\u00e4ume-768x432.jpg 768w, https:\/\/sy-mora.de\/wp-content\/uploads\/2017\/09\/4_B\u00e4ume-624x351.jpg 624w\" sizes=\"auto, (max-width: 1024px) 100vw, 1024px\" \/><p id=\"caption-attachment-2191\" class=\"wp-caption-text\">&#8230;Baumschaden&#8230;<\/p><\/div>\n<div id=\"attachment_2193\" style=\"width: 1034px\" class=\"wp-caption alignleft\"><img loading=\"lazy\" decoding=\"async\" aria-describedby=\"caption-attachment-2193\" class=\"size-full wp-image-2193\" src=\"https:\/\/sy-mora.de\/wp-content\/uploads\/2017\/09\/6_Laterne.jpg\" alt=\"\" width=\"1024\" height=\"576\" srcset=\"https:\/\/sy-mora.de\/wp-content\/uploads\/2017\/09\/6_Laterne.jpg 1024w, https:\/\/sy-mora.de\/wp-content\/uploads\/2017\/09\/6_Laterne-300x169.jpg 300w, https:\/\/sy-mora.de\/wp-content\/uploads\/2017\/09\/6_Laterne-768x432.jpg 768w, https:\/\/sy-mora.de\/wp-content\/uploads\/2017\/09\/6_Laterne-624x351.jpg 624w\" sizes=\"auto, (max-width: 1024px) 100vw, 1024px\" \/><p id=\"caption-attachment-2193\" class=\"wp-caption-text\">&#8230;aber die Laterne gibt bis zum Schluss ihr Bestes!<\/p><\/div>\n","protected":false},"excerpt":{"rendered":"<p>Der gr\u00f6\u00dfte, jemals im Nordatlantik beobachtete Hurrikan Irma, hat eine Schneise der Verw\u00fcstung durch die Karibik gezogen. Die Infrastruktur auf der sch\u00f6nen Insel Barbuda welche wir noch im Mai besuchten und die uns mit ihrem kilometerlangen, leicht r\u00f6tlichen Sandstrand, den Mangroven und den darauf nistenden Fregattv\u00f6geln auf ewig in Erinnerung bleiben wird, ist zu nahezu [&hellip;]<\/p>\n","protected":false},"author":4,"featured_media":2192,"comment_status":"open","ping_status":"closed","sticky":false,"template":"","format":"standard","meta":{"footnotes":""},"categories":[16,23],"tags":[],"class_list":["post-2182","post","type-post","status-publish","format-standard","has-post-thumbnail","hentry","category-saison-2017","category-usa"],"_links":{"self":[{"href":"https:\/\/sy-mora.de\/index.php?rest_route=\/wp\/v2\/posts\/2182","targetHints":{"allow":["GET"]}}],"collection":[{"href":"https:\/\/sy-mora.de\/index.php?rest_route=\/wp\/v2\/posts"}],"about":[{"href":"https:\/\/sy-mora.de\/index.php?rest_route=\/wp\/v2\/types\/post"}],"author":[{"embeddable":true,"href":"https:\/\/sy-mora.de\/index.php?rest_route=\/wp\/v2\/users\/4"}],"replies":[{"embeddable":true,"href":"https:\/\/sy-mora.de\/index.php?rest_route=%2Fwp%2Fv2%2Fcomments&post=2182"}],"version-history":[{"count":7,"href":"https:\/\/sy-mora.de\/index.php?rest_route=\/wp\/v2\/posts\/2182\/revisions"}],"predecessor-version":[{"id":2195,"href":"https:\/\/sy-mora.de\/index.php?rest_route=\/wp\/v2\/posts\/2182\/revisions\/2195"}],"wp:featuredmedia":[{"embeddable":true,"href":"https:\/\/sy-mora.de\/index.php?rest_route=\/wp\/v2\/media\/2192"}],"wp:attachment":[{"href":"https:\/\/sy-mora.de\/index.php?rest_route=%2Fwp%2Fv2%2Fmedia&parent=2182"}],"wp:term":[{"taxonomy":"category","embeddable":true,"href":"https:\/\/sy-mora.de\/index.php?rest_route=%2Fwp%2Fv2%2Fcategories&post=2182"},{"taxonomy":"post_tag","embeddable":true,"href":"https:\/\/sy-mora.de\/index.php?rest_route=%2Fwp%2Fv2%2Ftags&post=2182"}],"curies":[{"name":"wp","href":"https:\/\/api.w.org\/{rel}","templated":true}]}}