{"id":2971,"date":"2018-07-23T02:43:33","date_gmt":"2018-07-23T01:43:33","guid":{"rendered":"http:\/\/sy-mora.de\/?p=2971"},"modified":"2018-07-23T02:59:40","modified_gmt":"2018-07-23T01:59:40","slug":"sommerloch","status":"publish","type":"post","link":"https:\/\/sy-mora.de\/?p=2971","title":{"rendered":"Sommerloch &#8211; Nachtrag und Ausschau in einem :-)"},"content":{"rendered":"<p>Am Sonntag den 2. Juni hie\u00df es f\u00fcr uns Abschied nehmen von Bonaire. Wir haben die 6 Wochen auf dieser Insel sehr genossen. Auch wenn uns der stetige Ostwind sehr viel Staub auf unser Deck geweht hat, sagen wir zu dieser Insel nicht Lebewohl sondern Auf Wiedersehen.<\/p>\n<p>Die Hurricanzeit nahte und wir mussten die mora in einem sicheren Hafen festmachen. Der liegt f\u00fcr uns dieses Jahr in Curacao in der Seru Boca Marina. Aber vorher wollten wir noch f\u00fcr 2 Tage einen Zwischenstopp auf Klein Curacao einlegen. Diese fast unbewohnte Insel liegt ca. 15 sm \u00f6stlich von Curacao und ist ein weiteres Schnorchel- und Tauchparadies. Wir genossen noch einmal das klare Wasser denn es geht erst im November wieder unter Segeln weiter.<\/p>\n<p>Am 5. Juni legten wir in der Marina am Steg an. Nach 6 Monaten, welche wir \u00fcberwiegend vor Anker oder an einer Mooring fest waren, ein ungewohntes Man\u00f6ver.\u00a0Gleich danach begann der Stress mit Bootputzen, Segel abschlagen und alles sturmsicher verpacken. Unser Flieger zu einem kurzen Heimaturlaub startete in einer Woche.<\/p>\n<p>Zur\u00fcck in Deutschland besuchten wir Familie und Freunde, organisierten Ersatzteile und Zubeh\u00f6r f\u00fcr die mora und hofften vergeblich auf ein neuerliches Sommerm\u00e4rchen der deutschen Fu\u00dfballer. \ud83d\ude41<\/p>\n<p>An dieser Stelle noch einmal einen ganz lieben Dank an unsere Gastgeberin Beate.\u00a0Und Sorry dass wir es nicht geschafft haben Alle zu besuchen. Die Zeit verging wie im Fluge&#8230;<\/p>\n<p>Jetzt sind wir wieder zur\u00fcck auf unserer mora und sie liegt genauso entspannt am Steg wie wir sie verlassen haben. Wir nutzen das Mietauto um noch einige Lebensmitteleink\u00e4ufe zu t\u00e4tigen und vermissen das gute und g\u00fcnstige Angebot aus Deutschland und an unseren kleinen K\u00fchlschrank m\u00fcssen wir uns auch erst wieder gew\u00f6hnen. \ud83d\ude42<\/p>\n<p>Da es bis zum Ablegen in die neue Segelsaison noch etwas Zeit ist, haben wir einen Trip durch S\u00fcdamerika geplant. Das einzige was gebucht ist, ist am 6. August der Flieger nach Bogota, der Hauptstadt von Kolumbien. Danach geht es mit dem Rucksack durch solch fremde L\u00e4nder wie Kolumbien, Peru, Bolivien, Chile, Argentinien und Brasilien. Mal sehen was wir uns davon alles so anschauen k\u00f6nnen&#8230;?<\/p>\n<p>Also bleibt neugierig &#8211; wir berichten hier ab Anfang August von unserem Landausflug.<\/p>\n<div id=\"attachment_2974\" style=\"width: 1290px\" class=\"wp-caption alignleft\"><img loading=\"lazy\" decoding=\"async\" aria-describedby=\"caption-attachment-2974\" class=\"size-full wp-image-2974\" src=\"https:\/\/sy-mora.de\/wp-content\/uploads\/2018\/07\/2_Sommerloch.jpg\" alt=\"\" width=\"1280\" height=\"854\" srcset=\"https:\/\/sy-mora.de\/wp-content\/uploads\/2018\/07\/2_Sommerloch.jpg 1280w, https:\/\/sy-mora.de\/wp-content\/uploads\/2018\/07\/2_Sommerloch-300x200.jpg 300w, https:\/\/sy-mora.de\/wp-content\/uploads\/2018\/07\/2_Sommerloch-768x512.jpg 768w, https:\/\/sy-mora.de\/wp-content\/uploads\/2018\/07\/2_Sommerloch-1024x683.jpg 1024w, https:\/\/sy-mora.de\/wp-content\/uploads\/2018\/07\/2_Sommerloch-624x416.jpg 624w\" sizes=\"auto, (max-width: 1280px) 100vw, 1280px\" \/><p id=\"caption-attachment-2974\" class=\"wp-caption-text\">der Strand von Klein Curacao<\/p><\/div>\n<div id=\"attachment_2975\" style=\"width: 1290px\" class=\"wp-caption alignleft\"><img loading=\"lazy\" decoding=\"async\" aria-describedby=\"caption-attachment-2975\" class=\"size-full wp-image-2975\" src=\"https:\/\/sy-mora.de\/wp-content\/uploads\/2018\/07\/3_Sommerloch.jpg\" alt=\"\" width=\"1280\" height=\"883\" srcset=\"https:\/\/sy-mora.de\/wp-content\/uploads\/2018\/07\/3_Sommerloch.jpg 1280w, https:\/\/sy-mora.de\/wp-content\/uploads\/2018\/07\/3_Sommerloch-300x207.jpg 300w, https:\/\/sy-mora.de\/wp-content\/uploads\/2018\/07\/3_Sommerloch-768x530.jpg 768w, https:\/\/sy-mora.de\/wp-content\/uploads\/2018\/07\/3_Sommerloch-1024x706.jpg 1024w, https:\/\/sy-mora.de\/wp-content\/uploads\/2018\/07\/3_Sommerloch-624x430.jpg 624w\" sizes=\"auto, (max-width: 1280px) 100vw, 1280px\" \/><p id=\"caption-attachment-2975\" class=\"wp-caption-text\">zu dieser Insel werden t\u00e4glich hunderte Touristen ab Curacao gefahren &#8211; nach 16 Uhr hatten wir die Insel wieder ganz f\u00fcr uns Allein \ud83d\ude42<\/p><\/div>\n<div id=\"attachment_2976\" style=\"width: 1290px\" class=\"wp-caption alignleft\"><img loading=\"lazy\" decoding=\"async\" aria-describedby=\"caption-attachment-2976\" class=\"size-full wp-image-2976\" src=\"https:\/\/sy-mora.de\/wp-content\/uploads\/2018\/07\/4_Sommerloch.jpg\" alt=\"\" width=\"1280\" height=\"960\" srcset=\"https:\/\/sy-mora.de\/wp-content\/uploads\/2018\/07\/4_Sommerloch.jpg 1280w, https:\/\/sy-mora.de\/wp-content\/uploads\/2018\/07\/4_Sommerloch-300x225.jpg 300w, https:\/\/sy-mora.de\/wp-content\/uploads\/2018\/07\/4_Sommerloch-768x576.jpg 768w, https:\/\/sy-mora.de\/wp-content\/uploads\/2018\/07\/4_Sommerloch-1024x768.jpg 1024w, https:\/\/sy-mora.de\/wp-content\/uploads\/2018\/07\/4_Sommerloch-624x468.jpg 624w\" sizes=\"auto, (max-width: 1280px) 100vw, 1280px\" \/><p id=\"caption-attachment-2976\" class=\"wp-caption-text\">in dieser gesch\u00fctzten Marina inmitten eines Golf Resorts liegt unsere mora<\/p><\/div>\n<div id=\"attachment_2977\" style=\"width: 1290px\" class=\"wp-caption alignleft\"><img loading=\"lazy\" decoding=\"async\" aria-describedby=\"caption-attachment-2977\" class=\"size-full wp-image-2977\" src=\"https:\/\/sy-mora.de\/wp-content\/uploads\/2018\/07\/5_Sommerloch.jpg\" alt=\"\" width=\"1280\" height=\"960\" srcset=\"https:\/\/sy-mora.de\/wp-content\/uploads\/2018\/07\/5_Sommerloch.jpg 1280w, https:\/\/sy-mora.de\/wp-content\/uploads\/2018\/07\/5_Sommerloch-300x225.jpg 300w, https:\/\/sy-mora.de\/wp-content\/uploads\/2018\/07\/5_Sommerloch-768x576.jpg 768w, https:\/\/sy-mora.de\/wp-content\/uploads\/2018\/07\/5_Sommerloch-1024x768.jpg 1024w, https:\/\/sy-mora.de\/wp-content\/uploads\/2018\/07\/5_Sommerloch-624x468.jpg 624w\" sizes=\"auto, (max-width: 1280px) 100vw, 1280px\" \/><p id=\"caption-attachment-2977\" class=\"wp-caption-text\">H\u00e4userfront von Willemstad \/ Punda<\/p><\/div>\n<p>&nbsp;<\/p>\n","protected":false},"excerpt":{"rendered":"<p>Am Sonntag den 2. Juni hie\u00df es f\u00fcr uns Abschied nehmen von Bonaire. Wir haben die 6 Wochen auf dieser Insel sehr genossen. Auch wenn uns der stetige Ostwind sehr viel Staub auf unser Deck geweht hat, sagen wir zu dieser Insel nicht Lebewohl sondern Auf Wiedersehen. Die Hurricanzeit nahte und wir mussten die mora [&hellip;]<\/p>\n","protected":false},"author":4,"featured_media":2973,"comment_status":"open","ping_status":"closed","sticky":false,"template":"","format":"standard","meta":{"footnotes":""},"categories":[32,29],"tags":[],"class_list":["post-2971","post","type-post","status-publish","format-standard","has-post-thumbnail","hentry","category-curacao","category-saison-2018"],"_links":{"self":[{"href":"https:\/\/sy-mora.de\/index.php?rest_route=\/wp\/v2\/posts\/2971","targetHints":{"allow":["GET"]}}],"collection":[{"href":"https:\/\/sy-mora.de\/index.php?rest_route=\/wp\/v2\/posts"}],"about":[{"href":"https:\/\/sy-mora.de\/index.php?rest_route=\/wp\/v2\/types\/post"}],"author":[{"embeddable":true,"href":"https:\/\/sy-mora.de\/index.php?rest_route=\/wp\/v2\/users\/4"}],"replies":[{"embeddable":true,"href":"https:\/\/sy-mora.de\/index.php?rest_route=%2Fwp%2Fv2%2Fcomments&post=2971"}],"version-history":[{"count":5,"href":"https:\/\/sy-mora.de\/index.php?rest_route=\/wp\/v2\/posts\/2971\/revisions"}],"predecessor-version":[{"id":2981,"href":"https:\/\/sy-mora.de\/index.php?rest_route=\/wp\/v2\/posts\/2971\/revisions\/2981"}],"wp:featuredmedia":[{"embeddable":true,"href":"https:\/\/sy-mora.de\/index.php?rest_route=\/wp\/v2\/media\/2973"}],"wp:attachment":[{"href":"https:\/\/sy-mora.de\/index.php?rest_route=%2Fwp%2Fv2%2Fmedia&parent=2971"}],"wp:term":[{"taxonomy":"category","embeddable":true,"href":"https:\/\/sy-mora.de\/index.php?rest_route=%2Fwp%2Fv2%2Fcategories&post=2971"},{"taxonomy":"post_tag","embeddable":true,"href":"https:\/\/sy-mora.de\/index.php?rest_route=%2Fwp%2Fv2%2Ftags&post=2971"}],"curies":[{"name":"wp","href":"https:\/\/api.w.org\/{rel}","templated":true}]}}