{"id":3037,"date":"2018-08-12T21:49:56","date_gmt":"2018-08-12T20:49:56","guid":{"rendered":"http:\/\/sy-mora.de\/?p=3037"},"modified":"2018-10-21T02:26:04","modified_gmt":"2018-10-21T01:26:04","slug":"solento-quindio-kolumbien","status":"publish","type":"post","link":"https:\/\/sy-mora.de\/?p=3037","title":{"rendered":"Salento, Provinz Quindio, Kolumbien"},"content":{"rendered":"<p>Nach ca. 7 Stunden Nachtfahrt in einem sehr bequemen Bus sind wir in Armenia angekommen. Anschlie\u00dfend ging die einst\u00fcndige Fahrt mit einem kleinen Bus weiter nach Salento. Um 6 Uhr morgens sind wir in der Pension \u201eLa Florista\u201c angekommen und konnten eine Stunde sp\u00e4ter unser Fr\u00fchst\u00fcck bei ca. 20 Grad auf der Dachterrasse mit einem grandiosen Blick \u00fcber die Ausl\u00e4ufer der Anden genie\u00dfen. Unbezahlbar!<br \/>\n<a href=\"https:\/\/sy-mora.de\/?attachment_id=3038\"><img decoding=\"async\" class=\"alignnone size-medium wp-image-3038\" src=\"https:\/\/sy-mora.de\/wp-content\/uploads\/2018\/08\/image1-7-300x225.jpeg\" alt=\"{CAPTION}\" width=\"300px\" height=\"225px\" srcset=\"https:\/\/sy-mora.de\/wp-content\/uploads\/2018\/08\/image1-7-300x225.jpeg 300w, https:\/\/sy-mora.de\/wp-content\/uploads\/2018\/08\/image1-7-768x576.jpeg 768w, https:\/\/sy-mora.de\/wp-content\/uploads\/2018\/08\/image1-7-1024x768.jpeg 1024w, https:\/\/sy-mora.de\/wp-content\/uploads\/2018\/08\/image1-7-624x468.jpeg 624w\" sizes=\"(max-width: 300px) 100vw, 300px\" \/><\/a><\/p>\n<p>Salento liegt 1.895 Meter hoch und die Temperaturen betragen tags\u00fcber ca. 25 Grad mit frischem Wind und nachts k\u00fchlt es sich auf ca. 10 Grad ab, sodass man hier mit einer Decke schlafen muss. Hier trifft sich die internationale Wanderszene. Alles in diesem Dorf mit seinen ca. 4.000 Einwohnern hat sich darauf eingestellt ohne das man sich abgezockt f\u00fchlt. Die Bewohner sind sehr freundlich und die H\u00e4user um den Marktplatz sind liebevolle bunt angemalt. Das Bier kostet ca. 1,50 \u20ac, ein Kaffee weniger als ein Euro und f\u00fcr einen halben Liter leckeren \u201eJugo\u201c (frisches Obst mit Milch), wir w\u00fcrden das ein Milchshake nennen, braucht man nur 1,50 \u20ac bezahlen. Das Essengehen ist preiswert. F\u00fcr ca. 15,00 \u20ac bekommt man ein Abendessen f\u00fcr 2 Personen mit Getr\u00e4nke.<br \/>\n<a href=\"https:\/\/sy-mora.de\/?attachment_id=3039\"><img decoding=\"async\" class=\"alignnone size-medium wp-image-3039\" src=\"https:\/\/sy-mora.de\/wp-content\/uploads\/2018\/08\/image8-1-300x225.jpeg\" alt=\"{CAPTION}\" width=\"300px\" height=\"225px\" srcset=\"https:\/\/sy-mora.de\/wp-content\/uploads\/2018\/08\/image8-1-300x225.jpeg 300w, https:\/\/sy-mora.de\/wp-content\/uploads\/2018\/08\/image8-1-768x576.jpeg 768w, https:\/\/sy-mora.de\/wp-content\/uploads\/2018\/08\/image8-1-1024x768.jpeg 1024w, https:\/\/sy-mora.de\/wp-content\/uploads\/2018\/08\/image8-1-624x468.jpeg 624w\" sizes=\"(max-width: 300px) 100vw, 300px\" \/><\/a><\/p>\n<p><a href=\"https:\/\/sy-mora.de\/?attachment_id=3040\"><img decoding=\"async\" class=\"alignnone size-medium wp-image-3040\" src=\"https:\/\/sy-mora.de\/wp-content\/uploads\/2018\/08\/image5-1-300x225.jpeg\" alt=\"{CAPTION}\" width=\"300px\" height=\"225px\" srcset=\"https:\/\/sy-mora.de\/wp-content\/uploads\/2018\/08\/image5-1-300x225.jpeg 300w, https:\/\/sy-mora.de\/wp-content\/uploads\/2018\/08\/image5-1-768x576.jpeg 768w, https:\/\/sy-mora.de\/wp-content\/uploads\/2018\/08\/image5-1-1024x768.jpeg 1024w, https:\/\/sy-mora.de\/wp-content\/uploads\/2018\/08\/image5-1-624x468.jpeg 624w\" sizes=\"(max-width: 300px) 100vw, 300px\" \/><\/a><\/p>\n<p><a href=\"https:\/\/sy-mora.de\/?attachment_id=3041\"><img decoding=\"async\" class=\"alignnone size-medium wp-image-3041\" src=\"https:\/\/sy-mora.de\/wp-content\/uploads\/2018\/08\/image6-1-300x225.jpeg\" alt=\"{CAPTION}\" width=\"300px\" height=\"225px\" srcset=\"https:\/\/sy-mora.de\/wp-content\/uploads\/2018\/08\/image6-1-300x225.jpeg 300w, https:\/\/sy-mora.de\/wp-content\/uploads\/2018\/08\/image6-1-768x576.jpeg 768w, https:\/\/sy-mora.de\/wp-content\/uploads\/2018\/08\/image6-1-1024x768.jpeg 1024w, https:\/\/sy-mora.de\/wp-content\/uploads\/2018\/08\/image6-1-624x468.jpeg 624w\" sizes=\"(max-width: 300px) 100vw, 300px\" \/><\/a><\/p>\n<p><a href=\"https:\/\/sy-mora.de\/?attachment_id=3042\"><img decoding=\"async\" class=\"alignnone size-medium wp-image-3042\" src=\"https:\/\/sy-mora.de\/wp-content\/uploads\/2018\/08\/image7-1-300x225.jpeg\" alt=\"{CAPTION}\" width=\"300px\" height=\"225px\" srcset=\"https:\/\/sy-mora.de\/wp-content\/uploads\/2018\/08\/image7-1-300x225.jpeg 300w, https:\/\/sy-mora.de\/wp-content\/uploads\/2018\/08\/image7-1-768x576.jpeg 768w, https:\/\/sy-mora.de\/wp-content\/uploads\/2018\/08\/image7-1-1024x768.jpeg 1024w, https:\/\/sy-mora.de\/wp-content\/uploads\/2018\/08\/image7-1-624x468.jpeg 624w\" sizes=\"(max-width: 300px) 100vw, 300px\" \/><\/a><\/p>\n<p>Wir lassen uns von dem Wanderfiber anstecken und machten als erstes eine Tour von ca. 1,5 Stunden zu einer Kaffeeplantage. Der Wanderweg f\u00fchrte uns in ein wundersch\u00f6nes Tal und immerwieder mussten wir anhalten um die Aussicht zu genie\u00dfen. In der Kaffeeplantage bekommen wir vom Wachstum der Pflanzen bis zur R\u00f6stung der Bohnen alles erkl\u00e4rt. Und was die Kaffeeepfl\u00fccker verdienen. Ein Arbeiter erh\u00e4lt f\u00fcr ein Kilo gepfl\u00fcckte Bohnen 0,15 \u20ac und er schafft 80 &#8211; 120 Kg. am Tag. Die Farm verkauft den Kaffee f\u00fcr 0,50 \u20ac das Kilo. Am Ende der F\u00fchrung konnten wir einen Kaffee verkosten und dieser schmeckte mir sogar ohne Milch.<br \/>\n<a href=\"https:\/\/sy-mora.de\/?attachment_id=3043\"><img decoding=\"async\" class=\"alignnone size-medium wp-image-3043\" src=\"https:\/\/sy-mora.de\/wp-content\/uploads\/2018\/08\/image9-1-300x225.jpeg\" alt=\"{CAPTION}\" width=\"300px\" height=\"225px\" srcset=\"https:\/\/sy-mora.de\/wp-content\/uploads\/2018\/08\/image9-1-300x225.jpeg 300w, https:\/\/sy-mora.de\/wp-content\/uploads\/2018\/08\/image9-1-768x576.jpeg 768w, https:\/\/sy-mora.de\/wp-content\/uploads\/2018\/08\/image9-1-1024x768.jpeg 1024w, https:\/\/sy-mora.de\/wp-content\/uploads\/2018\/08\/image9-1-624x468.jpeg 624w\" sizes=\"(max-width: 300px) 100vw, 300px\" \/><\/a><\/p>\n<p><a href=\"https:\/\/sy-mora.de\/?attachment_id=3044\"><img decoding=\"async\" class=\"alignnone size-medium wp-image-3044\" src=\"https:\/\/sy-mora.de\/wp-content\/uploads\/2018\/08\/image10-1-300x225.jpeg\" alt=\"{CAPTION}\" width=\"300px\" height=\"225px\" srcset=\"https:\/\/sy-mora.de\/wp-content\/uploads\/2018\/08\/image10-1-300x225.jpeg 300w, https:\/\/sy-mora.de\/wp-content\/uploads\/2018\/08\/image10-1-768x576.jpeg 768w, https:\/\/sy-mora.de\/wp-content\/uploads\/2018\/08\/image10-1-1024x768.jpeg 1024w, https:\/\/sy-mora.de\/wp-content\/uploads\/2018\/08\/image10-1-624x468.jpeg 624w\" sizes=\"(max-width: 300px) 100vw, 300px\" \/><\/a><\/p>\n<p><a href=\"https:\/\/sy-mora.de\/?attachment_id=3045\"><img decoding=\"async\" class=\"alignnone size-medium wp-image-3045\" src=\"https:\/\/sy-mora.de\/wp-content\/uploads\/2018\/08\/image11-1-300x225.jpeg\" alt=\"{CAPTION}\" width=\"300px\" height=\"225px\" srcset=\"https:\/\/sy-mora.de\/wp-content\/uploads\/2018\/08\/image11-1-300x225.jpeg 300w, https:\/\/sy-mora.de\/wp-content\/uploads\/2018\/08\/image11-1-768x576.jpeg 768w, https:\/\/sy-mora.de\/wp-content\/uploads\/2018\/08\/image11-1-1024x768.jpeg 1024w, https:\/\/sy-mora.de\/wp-content\/uploads\/2018\/08\/image11-1-624x468.jpeg 624w\" sizes=\"(max-width: 300px) 100vw, 300px\" \/><\/a><\/p>\n<p><a href=\"https:\/\/sy-mora.de\/?attachment_id=3046\"><img decoding=\"async\" class=\"alignnone size-medium wp-image-3046\" src=\"https:\/\/sy-mora.de\/wp-content\/uploads\/2018\/08\/image12-1-300x225.jpeg\" alt=\"{CAPTION}\" width=\"300px\" height=\"225px\" srcset=\"https:\/\/sy-mora.de\/wp-content\/uploads\/2018\/08\/image12-1-300x225.jpeg 300w, https:\/\/sy-mora.de\/wp-content\/uploads\/2018\/08\/image12-1-768x576.jpeg 768w, https:\/\/sy-mora.de\/wp-content\/uploads\/2018\/08\/image12-1-1024x768.jpeg 1024w, https:\/\/sy-mora.de\/wp-content\/uploads\/2018\/08\/image12-1-624x468.jpeg 624w\" sizes=\"(max-width: 300px) 100vw, 300px\" \/><\/a><\/p>\n<p><a href=\"https:\/\/sy-mora.de\/?attachment_id=3047\"><img decoding=\"async\" class=\"alignnone size-medium wp-image-3047\" src=\"https:\/\/sy-mora.de\/wp-content\/uploads\/2018\/08\/image13-300x225.jpeg\" alt=\"{CAPTION}\" width=\"300px\" height=\"225px\" srcset=\"https:\/\/sy-mora.de\/wp-content\/uploads\/2018\/08\/image13-300x225.jpeg 300w, https:\/\/sy-mora.de\/wp-content\/uploads\/2018\/08\/image13-768x576.jpeg 768w, https:\/\/sy-mora.de\/wp-content\/uploads\/2018\/08\/image13-1024x768.jpeg 1024w, https:\/\/sy-mora.de\/wp-content\/uploads\/2018\/08\/image13-624x468.jpeg 624w\" sizes=\"(max-width: 300px) 100vw, 300px\" \/><\/a><\/p>\n<p><a href=\"https:\/\/sy-mora.de\/?attachment_id=3048\"><img decoding=\"async\" class=\"alignnone size-medium wp-image-3048\" src=\"https:\/\/sy-mora.de\/wp-content\/uploads\/2018\/08\/image14-300x225.jpeg\" alt=\"{CAPTION}\" width=\"300px\" height=\"225px\" srcset=\"https:\/\/sy-mora.de\/wp-content\/uploads\/2018\/08\/image14-300x225.jpeg 300w, https:\/\/sy-mora.de\/wp-content\/uploads\/2018\/08\/image14-768x576.jpeg 768w, https:\/\/sy-mora.de\/wp-content\/uploads\/2018\/08\/image14-1024x768.jpeg 1024w, https:\/\/sy-mora.de\/wp-content\/uploads\/2018\/08\/image14-624x468.jpeg 624w\" sizes=\"(max-width: 300px) 100vw, 300px\" \/><\/a><\/p>\n<p>Am 2. Tag wurde unsere Wanderung etwas anspruchsvoller. Es ging ins \u201eValle de Cocora\u201c. Der Einstieg liegt ca. 11 Km von Salento entfernt und man f\u00e4hrt mit einem Jeep dorthin und wird dort auch wieder abgeholt. Der Preis betr\u00e4gt mit Hin- und R\u00fcckfahrt 2,40 \u20ac pro Person. Der Wanderweg f\u00fchrte uns zu den h\u00f6chsten Palmen der Welt, den Wachspalmen, die bis zu 60 Meter hoch werden und nur in Kolumbien in dieser hohen Anzahl vorkommen und zum Nationalbaum auserkoren wurden. Es ging stetig bergauf bis auf 2.800 Meter. Immerwieder grandiose Ausblicke. Selbst in dieser H\u00f6he ist alles gr\u00fcn. Wir besuchten das Naturreservat Acaime. Die indianische Parkverwaltung bietet in 2.600 Meter \u201echocolate con queso\u201c an. Kakao mit K\u00e4se &#8211; mu\u00df man probieren &#8211; sehr lecker. Hier findet man viele Kolibris die von der Verwaltung mit Zuckerwasser angelockt werden. Ab hier ging es wieder abw\u00e4rts zum Flusstal. Wir \u00fcberquerten den Rio Quindio mehrfach auf sehr abenteuerlicher Weise. F\u00fcr diese unvergessliche Wanderung von ca. 12 Km brauchten wir gute 5 Stunden.<\/p>\n<p><a href=\"https:\/\/sy-mora.de\/?attachment_id=3050\"><img decoding=\"async\" class=\"alignnone size-medium wp-image-3050\" src=\"https:\/\/sy-mora.de\/wp-content\/uploads\/2018\/08\/image2-5-300x225.jpeg\" alt=\"{CAPTION}\" width=\"300px\" height=\"225px\" srcset=\"https:\/\/sy-mora.de\/wp-content\/uploads\/2018\/08\/image2-5-300x225.jpeg 300w, https:\/\/sy-mora.de\/wp-content\/uploads\/2018\/08\/image2-5-768x576.jpeg 768w, https:\/\/sy-mora.de\/wp-content\/uploads\/2018\/08\/image2-5-1024x768.jpeg 1024w, https:\/\/sy-mora.de\/wp-content\/uploads\/2018\/08\/image2-5-624x468.jpeg 624w, https:\/\/sy-mora.de\/wp-content\/uploads\/2018\/08\/image2-5.jpeg 2048w\" sizes=\"(max-width: 300px) 100vw, 300px\" \/><\/a><\/p>\n<p><a href=\"https:\/\/sy-mora.de\/?attachment_id=3051\"><img decoding=\"async\" class=\"alignnone size-medium wp-image-3051\" src=\"https:\/\/sy-mora.de\/wp-content\/uploads\/2018\/08\/image3-4-300x225.jpeg\" alt=\"{CAPTION}\" width=\"300px\" height=\"225px\" srcset=\"https:\/\/sy-mora.de\/wp-content\/uploads\/2018\/08\/image3-4-300x225.jpeg 300w, https:\/\/sy-mora.de\/wp-content\/uploads\/2018\/08\/image3-4-768x576.jpeg 768w, https:\/\/sy-mora.de\/wp-content\/uploads\/2018\/08\/image3-4-1024x768.jpeg 1024w, https:\/\/sy-mora.de\/wp-content\/uploads\/2018\/08\/image3-4-624x468.jpeg 624w, https:\/\/sy-mora.de\/wp-content\/uploads\/2018\/08\/image3-4.jpeg 2048w\" sizes=\"(max-width: 300px) 100vw, 300px\" \/><\/a><\/p>\n<p><a href=\"https:\/\/sy-mora.de\/?attachment_id=3052\"><img decoding=\"async\" class=\"alignnone size-medium wp-image-3052\" src=\"https:\/\/sy-mora.de\/wp-content\/uploads\/2018\/08\/image1-9-300x225.jpeg\" alt=\"\" width=\"300px\" height=\"225px\" srcset=\"https:\/\/sy-mora.de\/wp-content\/uploads\/2018\/08\/image1-9-300x225.jpeg 300w, https:\/\/sy-mora.de\/wp-content\/uploads\/2018\/08\/image1-9-768x576.jpeg 768w, https:\/\/sy-mora.de\/wp-content\/uploads\/2018\/08\/image1-9-1024x768.jpeg 1024w, https:\/\/sy-mora.de\/wp-content\/uploads\/2018\/08\/image1-9-624x468.jpeg 624w, https:\/\/sy-mora.de\/wp-content\/uploads\/2018\/08\/image1-9.jpeg 2048w\" sizes=\"(max-width: 300px) 100vw, 300px\" \/><\/a><\/p>\n<div class=\"postie-attachments\"><a href=\"https:\/\/sy-mora.de\/?attachment_id=3053\"><img decoding=\"async\" class=\"alignnone size-medium wp-image-3053\" src=\"https:\/\/sy-mora.de\/wp-content\/uploads\/2018\/08\/image2-6-300x225.jpeg\" alt=\"\" width=\"300px\" height=\"225px\" srcset=\"https:\/\/sy-mora.de\/wp-content\/uploads\/2018\/08\/image2-6-300x225.jpeg 300w, https:\/\/sy-mora.de\/wp-content\/uploads\/2018\/08\/image2-6-768x576.jpeg 768w, https:\/\/sy-mora.de\/wp-content\/uploads\/2018\/08\/image2-6-1024x768.jpeg 1024w, https:\/\/sy-mora.de\/wp-content\/uploads\/2018\/08\/image2-6-624x468.jpeg 624w\" sizes=\"(max-width: 300px) 100vw, 300px\" \/><\/a><\/div>\n<div><\/div>\n<div class=\"postie-attachments\"><a href=\"https:\/\/sy-mora.de\/?attachment_id=3054\"><img decoding=\"async\" class=\"alignnone size-medium wp-image-3054\" src=\"https:\/\/sy-mora.de\/wp-content\/uploads\/2018\/08\/image1-10-300x225.jpeg\" alt=\"\" width=\"300px\" height=\"225px\" srcset=\"https:\/\/sy-mora.de\/wp-content\/uploads\/2018\/08\/image1-10-300x225.jpeg 300w, https:\/\/sy-mora.de\/wp-content\/uploads\/2018\/08\/image1-10-768x576.jpeg 768w, https:\/\/sy-mora.de\/wp-content\/uploads\/2018\/08\/image1-10-1024x768.jpeg 1024w, https:\/\/sy-mora.de\/wp-content\/uploads\/2018\/08\/image1-10-624x468.jpeg 624w\" sizes=\"(max-width: 300px) 100vw, 300px\" \/><\/a><\/div>\n<div><\/div>\n<div><\/div>\n<div><\/div>\n<div>Der n\u00e4chste Tag diente der Erholung, die Beine taten etwas weh. Die Bustickets f\u00fcr die Fahrt nach Medell\u00edn mu\u00dfte noch organisiert werden und den W\u00e4scheservice wollten wir noch in Anspruch nehmen.<br \/>\nAb Montag den 13. August sind wir f\u00fcr 3 Tage in Medell\u00edn und Umgebung. Von dort folgt dann unser n\u00e4chster Bericht.<\/div>\n<div class=\"postie-attachments\"><\/div>\n","protected":false},"excerpt":{"rendered":"<p>Nach ca. 7 Stunden Nachtfahrt in einem sehr bequemen Bus sind wir in Armenia angekommen. Anschlie\u00dfend ging die einst\u00fcndige Fahrt mit einem kleinen Bus weiter nach Salento. Um 6 Uhr morgens sind wir in der Pension \u201eLa Florista\u201c angekommen und konnten eine Stunde sp\u00e4ter unser Fr\u00fchst\u00fcck bei ca. 20 Grad auf der Dachterrasse mit einem [&hellip;]<\/p>\n","protected":false},"author":4,"featured_media":0,"comment_status":"open","ping_status":"closed","sticky":false,"template":"","format":"standard","meta":{"footnotes":""},"categories":[29,33],"tags":[],"class_list":["post-3037","post","type-post","status-publish","format-standard","hentry","category-saison-2018","category-suedamerika"],"_links":{"self":[{"href":"https:\/\/sy-mora.de\/index.php?rest_route=\/wp\/v2\/posts\/3037","targetHints":{"allow":["GET"]}}],"collection":[{"href":"https:\/\/sy-mora.de\/index.php?rest_route=\/wp\/v2\/posts"}],"about":[{"href":"https:\/\/sy-mora.de\/index.php?rest_route=\/wp\/v2\/types\/post"}],"author":[{"embeddable":true,"href":"https:\/\/sy-mora.de\/index.php?rest_route=\/wp\/v2\/users\/4"}],"replies":[{"embeddable":true,"href":"https:\/\/sy-mora.de\/index.php?rest_route=%2Fwp%2Fv2%2Fcomments&post=3037"}],"version-history":[{"count":9,"href":"https:\/\/sy-mora.de\/index.php?rest_route=\/wp\/v2\/posts\/3037\/revisions"}],"predecessor-version":[{"id":3064,"href":"https:\/\/sy-mora.de\/index.php?rest_route=\/wp\/v2\/posts\/3037\/revisions\/3064"}],"wp:attachment":[{"href":"https:\/\/sy-mora.de\/index.php?rest_route=%2Fwp%2Fv2%2Fmedia&parent=3037"}],"wp:term":[{"taxonomy":"category","embeddable":true,"href":"https:\/\/sy-mora.de\/index.php?rest_route=%2Fwp%2Fv2%2Fcategories&post=3037"},{"taxonomy":"post_tag","embeddable":true,"href":"https:\/\/sy-mora.de\/index.php?rest_route=%2Fwp%2Fv2%2Ftags&post=3037"}],"curies":[{"name":"wp","href":"https:\/\/api.w.org\/{rel}","templated":true}]}}