{"id":3065,"date":"2018-08-18T22:26:21","date_gmt":"2018-08-18T21:26:21","guid":{"rendered":"http:\/\/sy-mora.de\/?p=3065"},"modified":"2018-10-21T02:25:55","modified_gmt":"2018-10-21T01:25:55","slug":"medellin-es-war-einmal-eine-stadt","status":"publish","type":"post","link":"https:\/\/sy-mora.de\/?p=3065","title":{"rendered":"Medellin, Es war einmal eine Stadt"},"content":{"rendered":"<p>diese galt als die gef\u00e4hrlichste Stadt der Welt. Das war Mitte der 90\u00b4. Bekannt in aller Welt wegen dem ber\u00fcchtigtem Medellin Kartell, dem Drogenboss Pablo Escobar, dem weltweit gef\u00e4hrlichsten Wohnviertel Comuna 13 und etwa 6500 Mordf\u00e4llen pro Jahr. Zum Gl\u00fcck haben wir jetzt 2018, die Situation in Medellin hat sich sehr zum positiven ge\u00e4ndert und so k\u00f6nnen wir einen Besuch in die Hauptstadt des Department Antioquia wagen. Die Anreise erfolgte mit einem modernen Reisebus direkt aus Salento. Die Fahrt dauerte gute 7 Stunden und f\u00fchrte uns wieder durch atemberaubende Landschaften. Es ging auf kurvenreichen Stra\u00dfen bergauf und bergab und wir konnten die gigantische Aussicht genie\u00dfen. In Medellin am Busbahnhof Nord angekommen werden wir noch einmal kurz an D\u00fcsseldorf erinnert. Die D\u00fcsseldorfer Haltestelle f\u00fcr die Fernbusse ist im gesamten so gro\u00df wie in Medellin ein einziger (Bus-) Bahnsteig. Und davon gibt es in Medellin mehr als 20 und gut beschildert. Wir sind nach der Ankunft mit dem Taxi zum Hotel Egina Medellin gefahren. Kosten f\u00fcr das Hotel = 34 Euro pro Nacht inkl. reichhaltigem Fr\u00fchst\u00fcck f\u00fcr das Doppelzimmer. Eine gute Wahl in einer sicheren Gegend. Nur noch schnell zu Abend gegessen und dann sind wir auch schon ins Bett gefallen. Den darauffolgenden Morgen begannen wir mit einer Erkundung der Stadt per Metro. Diese Metro ist der ganze Stolz der Stadt. Es gibt zwei Metro Linien sowie drei Metrocabel Strecken. Die Metro Linien verlaufen durch den gewaltigen Talkessel und die Metrocabel sind Seilbahnen welche den einfachen Zugang zu den h\u00f6her gelegenen Stadtteilen erm\u00f6glichen. Eine Fahrt kostet pro Person 70 Cent und man kann so oft umsteigen wie man will. Oder auch mit dem Metrocabel auf den Berg fahren, die Aussicht genie\u00dfen, Fotos schie\u00dfen und wieder ins Tal zur\u00fcck fahren. Weil die Bewohner so stolz auf ihre Metro sind und sicher auch weil auf jeder Station einige Angestellt auf Ordnung und Sauberkeit achten ist die Metro mit Abstand die Sauberste, die wir je gesehen haben<\/p>\n<p>. <a href=\"https:\/\/sy-mora.de\/?attachment_id=3066\"><img decoding=\"async\" class=\"alignnone size-medium wp-image-3066\" src=\"https:\/\/sy-mora.de\/wp-content\/uploads\/2018\/08\/image1-11-300x225.jpeg\" alt=\"{CAPTION}\" width=\"300px\" height=\"225px\" srcset=\"https:\/\/sy-mora.de\/wp-content\/uploads\/2018\/08\/image1-11-300x225.jpeg 300w, https:\/\/sy-mora.de\/wp-content\/uploads\/2018\/08\/image1-11-624x468.jpeg 624w, https:\/\/sy-mora.de\/wp-content\/uploads\/2018\/08\/image1-11.jpeg 640w\" sizes=\"(max-width: 300px) 100vw, 300px\" \/><\/a><\/p>\n<p>Leider begann es im Laufe des Vormittags zu regnen und so mussten wir erst einmal in einer gro\u00dfen Shopping Mall abwettern.<\/p>\n<p><a href=\"https:\/\/sy-mora.de\/?attachment_id=3067\"><img decoding=\"async\" class=\"alignnone size-medium wp-image-3067\" src=\"https:\/\/sy-mora.de\/wp-content\/uploads\/2018\/08\/image2-7-300x225.jpeg\" alt=\"{CAPTION}\" width=\"300px\" height=\"225px\" srcset=\"https:\/\/sy-mora.de\/wp-content\/uploads\/2018\/08\/image2-7-300x225.jpeg 300w, https:\/\/sy-mora.de\/wp-content\/uploads\/2018\/08\/image2-7-624x468.jpeg 624w, https:\/\/sy-mora.de\/wp-content\/uploads\/2018\/08\/image2-7.jpeg 640w\" sizes=\"(max-width: 300px) 100vw, 300px\" \/><\/a><\/p>\n<p>Als es am Himmel wieder heller wurde sind wir zum Plaza Botero gefahren. Die dortige Attraktion sind 23 Skulpturen vom Sohn der Stadt und ber\u00fchmten K\u00fcnstler Fernando Botero. Sch\u00f6n anzusehen und weil der Platz viele Touristen anlockt kostet der Kaffe dann auch gleich mal das doppelte im Vergleich zur Nachbarschaft. Aber sehenswert sind die Figuren auf jeden Fall.<\/p>\n<p><a href=\"https:\/\/sy-mora.de\/?attachment_id=3068\"><img decoding=\"async\" class=\"alignnone size-medium wp-image-3068\" src=\"https:\/\/sy-mora.de\/wp-content\/uploads\/2018\/08\/image3-5-300x225.jpeg\" alt=\"{CAPTION}\" width=\"300px\" height=\"225px\" srcset=\"https:\/\/sy-mora.de\/wp-content\/uploads\/2018\/08\/image3-5-300x225.jpeg 300w, https:\/\/sy-mora.de\/wp-content\/uploads\/2018\/08\/image3-5-624x468.jpeg 624w, https:\/\/sy-mora.de\/wp-content\/uploads\/2018\/08\/image3-5.jpeg 640w\" sizes=\"(max-width: 300px) 100vw, 300px\" \/><\/a><\/p>\n<p><a href=\"https:\/\/sy-mora.de\/?attachment_id=3069\"><img decoding=\"async\" class=\"alignnone size-medium wp-image-3069\" src=\"https:\/\/sy-mora.de\/wp-content\/uploads\/2018\/08\/image4-4-300x225.jpeg\" alt=\"{CAPTION}\" width=\"300px\" height=\"225px\" srcset=\"https:\/\/sy-mora.de\/wp-content\/uploads\/2018\/08\/image4-4-300x225.jpeg 300w, https:\/\/sy-mora.de\/wp-content\/uploads\/2018\/08\/image4-4-624x468.jpeg 624w, https:\/\/sy-mora.de\/wp-content\/uploads\/2018\/08\/image4-4.jpeg 640w\" sizes=\"(max-width: 300px) 100vw, 300px\" \/><\/a><\/p>\n<p><a href=\"https:\/\/sy-mora.de\/?attachment_id=3070\"><img decoding=\"async\" class=\"alignnone size-medium wp-image-3070\" src=\"https:\/\/sy-mora.de\/wp-content\/uploads\/2018\/08\/image5-2-300x225.jpeg\" alt=\"{CAPTION}\" width=\"300px\" height=\"225px\" srcset=\"https:\/\/sy-mora.de\/wp-content\/uploads\/2018\/08\/image5-2-300x225.jpeg 300w, https:\/\/sy-mora.de\/wp-content\/uploads\/2018\/08\/image5-2-624x468.jpeg 624w, https:\/\/sy-mora.de\/wp-content\/uploads\/2018\/08\/image5-2.jpeg 640w\" sizes=\"(max-width: 300px) 100vw, 300px\" \/><\/a><\/p>\n<p>So verbrachten wir einen entspannten Tag und am Abend gab es seit l\u00e4ngerem mal wieder eine Pizza. In der N\u00e4he unserer Unterkunft verl\u00e4uft die Calle 70, welche eine einzige, ewig lange Fressmeile ist. Hier gibt es Nahrung f\u00fcr jeden Geschmack und Geldbeutel. Zur\u00fcck im Hotel begann die Planung f\u00fcr den n\u00e4chsten Tag. Wir wollten an einer Tour durch die Comuna 13 teilnehmen. Dieses ber\u00fcchtigte Viertel der Stadt in dem die Mordrate 1993 bei 3000 Toten auf 100000 Einwohner lag. Zuerst h\u00e4tte sich die ganze Tour f\u00fcr uns beinahe in Luft aufgel\u00f6st. Es gibt einige Anbieter bei denen man eine gef\u00fchrte Tour buchen kann. Jedoch haben alle Anbieter eines gemeinsam: man muss bis 16 Uhr am Vortag buchen um einen Platz zu bekommen. Diese Erkenntnis ereilte mich gegen 21 Uhr. Aber man soll sich ja nicht gleich von so Kleinigkeiten abschrecken lassen. So begaben wir uns mit der Metro am Morgen kurz vor 10 Uhr zur Station San Javier. Dort ist Treffpunkt f\u00fcr die Graffiti Tour von Freetour.com. Eine Tour durch die Comuna 13 von Jugendlichen, welche selbst aus dem Viertel stammen und dadurch ganz hautnah \u00fcber die Ver\u00e4nderung in den letzten Jahren berichten k\u00f6nnen. Unser Guide Laura hatte kein Problem mit 2 weiteren Besuchern. Wir waren gut 30 Besucher f\u00fcr die englischsprachige Tour. Aufgeteilt in 2 Gruppen mit je einem Guide machten wir uns auf den Weg. Gleich zu Beginn erz\u00e4hlte Laura uns von ihrer Kindheit. Wenn Sie angesprochen wurde wo sie wohnt, hat sie nie ihre wirkliche Herkunft preisgeben. Die Comuna 13 war auch in Medellin nicht gut angesehen. Durch ihre strategisch g\u00fcnstige Lage zu den Stra\u00dfen im Hinterland war sie ideal f\u00fcr krumme Gesch\u00e4fte geeignet. Durch die Armut im Viertel war es ein leichtes an willige Jugendliche zu kommen die f\u00fcr ein Taschengeld eine Straftat begehen. All das hat Pablo Escobar ausgenutzt und von hier sein Kartell geleitet. Und wer im in den Weg kam wurde halt umgebracht. Wer einen Polizisten erschossen hat bekam 1000 Dollar. So war auch sichergestellt, dass kaum ein Beamter in dieser Gegend zu sehen war. Als er selber im Jahr 1993 zur Strecke gebracht wurde war die Situation aber auch noch nicht wirklich besser. So entstand ein Machtvakuum und von nun an bek\u00e4mpften sich mehrere Gangs in der Comuna 13 um die Vorherrschaft im Drogengesch\u00e4ft. Die Leidtragenden waren die Bewohner. Laura erz\u00e4hlte uns von einigen Freunden, welche sich aus Perspektivlosigkeit an eine Guerilla Gruppe angeschlossen haben und kurze Zeit sp\u00e4ter tot waren. So sind in nahezu jeder Familie Opfer aus der Zeit der gro\u00dfen Drogenk\u00e4mpfe in der Stadt zu verzeichnen. Doch diese traurige Zeit ist zum Gl\u00fcck vorbei. Nach der Operation Orion im Oktober 2002 gingen die Machtverh\u00e4ltnisse wieder an den Staat \u00fcber. Gemeinsam mit den Bewohnern der Comuna 13, welche das ewige Leid satt hatten, und den Anstrengungen der Stadtverwaltung hat sich das Ansehen der Gegend erheblich verbessert. Es wurde viel Geld in die Bildung der Kinder investiert. \u00d6ffentliche B\u00fcchereien er\u00f6ffnet, Schulen und Kinderg\u00e4rten gebaut und die Jugendlichen der Stadt k\u00f6nnen aktiv bei der Gestaltung der Gegend mitwirken. Im Jahr 2011 wurde ein System aus 6 Rolltreppen errichtet um den Zugang zum Viertel speziell f\u00fcr die \u00e4ltere Bev\u00f6lkerung zu vereinfachen. Die Jugendlichen gestalten ihr Viertel durch Graffiti an den W\u00e4nden. Mit den Bildern erz\u00e4hlen sie von ihrer Wahrnehmung der Ver\u00e4nderung. In der heutigen Zeit sind die Kinder stolz auf ihre Gegend und keiner verleugnet noch seine Herkunft. Am Ende der Tour berichtete einer der jungen Graffiti K\u00fcnstler von den Bausteinen zum Erfolg: Infrastruktur und Bildung! All diese Infos erhielten wir von unserer Laura. Sie gestaltete die F\u00fchrung ungemein spannend und sogar ihr Haus hat sie uns gezeigt. Dabei war sie auch darauf bedacht, dass wir bei den Bewohnern der Comuna unser Wasser, Eis, Mittagessen, Kaffee, Bier u.s.w. kaufen. Denn nur so haben alle was vom Erfolg und den vielen Touristen welche die Gegend nun t\u00e4glich besuchen. Wenn man dies beachtet und au\u00dferdem auch wei\u00df, das ein Teil des Geldes welches durch die F\u00fchrungen erwirtschaftet wird den Kindern der Gegend zu gute kommt, dann bedarf es auch keines schlechten Gewissens bei einem Besuch in der Comuna 13.<br \/>\nUnd wer es von euch geschafft hat den ganzen Text zu lesen wird jetzt noch mit ein paar Aufnahmen der Tour belohnt. Wir erkunden inzwischen den Dschungel im Amazonas. Das n\u00e4chste Reiseziel hei\u00dft Leticia.<br \/>\n<a href=\"https:\/\/sy-mora.de\/?attachment_id=3071\"><img decoding=\"async\" class=\"alignnone size-medium wp-image-3071\" src=\"https:\/\/sy-mora.de\/wp-content\/uploads\/2018\/08\/image6-2-300x225.jpeg\" alt=\"{CAPTION}\" width=\"300px\" height=\"225px\" srcset=\"https:\/\/sy-mora.de\/wp-content\/uploads\/2018\/08\/image6-2-300x225.jpeg 300w, https:\/\/sy-mora.de\/wp-content\/uploads\/2018\/08\/image6-2-624x468.jpeg 624w, https:\/\/sy-mora.de\/wp-content\/uploads\/2018\/08\/image6-2.jpeg 640w\" sizes=\"(max-width: 300px) 100vw, 300px\" \/><\/a><\/p>\n<p><a href=\"https:\/\/sy-mora.de\/?attachment_id=3072\"><img decoding=\"async\" class=\"alignnone size-medium wp-image-3072\" src=\"https:\/\/sy-mora.de\/wp-content\/uploads\/2018\/08\/image7-2-300x225.jpeg\" alt=\"{CAPTION}\" width=\"300px\" height=\"225px\" srcset=\"https:\/\/sy-mora.de\/wp-content\/uploads\/2018\/08\/image7-2-300x225.jpeg 300w, https:\/\/sy-mora.de\/wp-content\/uploads\/2018\/08\/image7-2-624x468.jpeg 624w, https:\/\/sy-mora.de\/wp-content\/uploads\/2018\/08\/image7-2.jpeg 640w\" sizes=\"(max-width: 300px) 100vw, 300px\" \/><\/a><\/p>\n<p><a href=\"https:\/\/sy-mora.de\/?attachment_id=3073\"><img decoding=\"async\" class=\"alignnone size-medium wp-image-3073\" src=\"https:\/\/sy-mora.de\/wp-content\/uploads\/2018\/08\/image8-2-300x225.jpeg\" alt=\"{CAPTION}\" width=\"300px\" height=\"225px\" srcset=\"https:\/\/sy-mora.de\/wp-content\/uploads\/2018\/08\/image8-2-300x225.jpeg 300w, https:\/\/sy-mora.de\/wp-content\/uploads\/2018\/08\/image8-2-624x468.jpeg 624w, https:\/\/sy-mora.de\/wp-content\/uploads\/2018\/08\/image8-2.jpeg 640w\" sizes=\"(max-width: 300px) 100vw, 300px\" \/><\/a><\/p>\n<p><a href=\"https:\/\/sy-mora.de\/?attachment_id=3074\"><img decoding=\"async\" class=\"alignnone size-medium wp-image-3074\" src=\"https:\/\/sy-mora.de\/wp-content\/uploads\/2018\/08\/image9-2-300x225.jpeg\" alt=\"{CAPTION}\" width=\"300px\" height=\"225px\" srcset=\"https:\/\/sy-mora.de\/wp-content\/uploads\/2018\/08\/image9-2-300x225.jpeg 300w, https:\/\/sy-mora.de\/wp-content\/uploads\/2018\/08\/image9-2-624x468.jpeg 624w, https:\/\/sy-mora.de\/wp-content\/uploads\/2018\/08\/image9-2.jpeg 640w\" sizes=\"(max-width: 300px) 100vw, 300px\" \/><\/a><\/p>\n<p><a href=\"https:\/\/sy-mora.de\/?attachment_id=3075\"><img decoding=\"async\" class=\"alignnone size-medium wp-image-3075\" src=\"https:\/\/sy-mora.de\/wp-content\/uploads\/2018\/08\/image10-2-300x225.jpeg\" alt=\"{CAPTION}\" width=\"300px\" height=\"225px\" srcset=\"https:\/\/sy-mora.de\/wp-content\/uploads\/2018\/08\/image10-2-300x225.jpeg 300w, https:\/\/sy-mora.de\/wp-content\/uploads\/2018\/08\/image10-2-624x468.jpeg 624w, https:\/\/sy-mora.de\/wp-content\/uploads\/2018\/08\/image10-2.jpeg 640w\" sizes=\"(max-width: 300px) 100vw, 300px\" \/><\/a><\/p>\n<p><a href=\"https:\/\/sy-mora.de\/?attachment_id=3076\"><img decoding=\"async\" class=\"alignnone size-medium wp-image-3076\" src=\"https:\/\/sy-mora.de\/wp-content\/uploads\/2018\/08\/image11-2-300x225.jpeg\" alt=\"{CAPTION}\" width=\"300px\" height=\"225px\" srcset=\"https:\/\/sy-mora.de\/wp-content\/uploads\/2018\/08\/image11-2-300x225.jpeg 300w, https:\/\/sy-mora.de\/wp-content\/uploads\/2018\/08\/image11-2-624x468.jpeg 624w, https:\/\/sy-mora.de\/wp-content\/uploads\/2018\/08\/image11-2.jpeg 640w\" sizes=\"(max-width: 300px) 100vw, 300px\" \/><\/a><\/p>\n<p><a href=\"https:\/\/sy-mora.de\/?attachment_id=3077\"><img decoding=\"async\" class=\"alignnone size-medium wp-image-3077\" src=\"https:\/\/sy-mora.de\/wp-content\/uploads\/2018\/08\/image12-2-300x225.jpeg\" alt=\"{CAPTION}\" width=\"300px\" height=\"225px\" srcset=\"https:\/\/sy-mora.de\/wp-content\/uploads\/2018\/08\/image12-2-300x225.jpeg 300w, https:\/\/sy-mora.de\/wp-content\/uploads\/2018\/08\/image12-2-624x468.jpeg 624w, https:\/\/sy-mora.de\/wp-content\/uploads\/2018\/08\/image12-2.jpeg 640w\" sizes=\"(max-width: 300px) 100vw, 300px\" \/><\/a><\/p>\n<p><a href=\"https:\/\/sy-mora.de\/?attachment_id=3078\"><img decoding=\"async\" class=\"alignnone size-medium wp-image-3078\" src=\"https:\/\/sy-mora.de\/wp-content\/uploads\/2018\/08\/image13-1-300x225.jpeg\" alt=\"{CAPTION}\" width=\"300px\" height=\"225px\" srcset=\"https:\/\/sy-mora.de\/wp-content\/uploads\/2018\/08\/image13-1-300x225.jpeg 300w, https:\/\/sy-mora.de\/wp-content\/uploads\/2018\/08\/image13-1-624x468.jpeg 624w, https:\/\/sy-mora.de\/wp-content\/uploads\/2018\/08\/image13-1.jpeg 640w\" sizes=\"(max-width: 300px) 100vw, 300px\" \/><\/a><\/p>\n<p><a href=\"https:\/\/sy-mora.de\/?attachment_id=3079\"><img decoding=\"async\" class=\"alignnone size-medium wp-image-3079\" src=\"https:\/\/sy-mora.de\/wp-content\/uploads\/2018\/08\/image14-1-300x225.jpeg\" alt=\"{CAPTION}\" width=\"300px\" height=\"225px\" srcset=\"https:\/\/sy-mora.de\/wp-content\/uploads\/2018\/08\/image14-1-300x225.jpeg 300w, https:\/\/sy-mora.de\/wp-content\/uploads\/2018\/08\/image14-1-624x468.jpeg 624w, https:\/\/sy-mora.de\/wp-content\/uploads\/2018\/08\/image14-1.jpeg 640w\" sizes=\"(max-width: 300px) 100vw, 300px\" \/><\/a><\/p>\n<p><a href=\"https:\/\/sy-mora.de\/?attachment_id=3080\"><img decoding=\"async\" class=\"alignnone size-medium wp-image-3080\" src=\"https:\/\/sy-mora.de\/wp-content\/uploads\/2018\/08\/image15-300x225.jpeg\" alt=\"{CAPTION}\" width=\"300px\" height=\"225px\" srcset=\"https:\/\/sy-mora.de\/wp-content\/uploads\/2018\/08\/image15-300x225.jpeg 300w, https:\/\/sy-mora.de\/wp-content\/uploads\/2018\/08\/image15-624x468.jpeg 624w, https:\/\/sy-mora.de\/wp-content\/uploads\/2018\/08\/image15.jpeg 640w\" sizes=\"(max-width: 300px) 100vw, 300px\" \/><\/a><\/p>\n<p><a href=\"https:\/\/sy-mora.de\/?attachment_id=3081\"><img decoding=\"async\" class=\"alignnone size-medium wp-image-3081\" src=\"https:\/\/sy-mora.de\/wp-content\/uploads\/2018\/08\/image16-300x225.jpeg\" alt=\"{CAPTION}\" width=\"300px\" height=\"225px\" srcset=\"https:\/\/sy-mora.de\/wp-content\/uploads\/2018\/08\/image16-300x225.jpeg 300w, https:\/\/sy-mora.de\/wp-content\/uploads\/2018\/08\/image16-624x468.jpeg 624w, https:\/\/sy-mora.de\/wp-content\/uploads\/2018\/08\/image16.jpeg 640w\" sizes=\"(max-width: 300px) 100vw, 300px\" \/><\/a><\/p>\n<p><a href=\"https:\/\/sy-mora.de\/?attachment_id=3082\"><img decoding=\"async\" class=\"alignnone size-medium wp-image-3082\" src=\"https:\/\/sy-mora.de\/wp-content\/uploads\/2018\/08\/image17-300x225.jpeg\" alt=\"{CAPTION}\" width=\"300px\" height=\"225px\" srcset=\"https:\/\/sy-mora.de\/wp-content\/uploads\/2018\/08\/image17-300x225.jpeg 300w, https:\/\/sy-mora.de\/wp-content\/uploads\/2018\/08\/image17-624x468.jpeg 624w, https:\/\/sy-mora.de\/wp-content\/uploads\/2018\/08\/image17.jpeg 640w\" sizes=\"(max-width: 300px) 100vw, 300px\" \/><\/a><\/p>\n<p><a href=\"https:\/\/sy-mora.de\/?attachment_id=3083\"><img decoding=\"async\" class=\"alignnone size-medium wp-image-3083\" src=\"https:\/\/sy-mora.de\/wp-content\/uploads\/2018\/08\/image18-300x225.jpeg\" alt=\"{CAPTION}\" width=\"300px\" height=\"225px\" srcset=\"https:\/\/sy-mora.de\/wp-content\/uploads\/2018\/08\/image18-300x225.jpeg 300w, https:\/\/sy-mora.de\/wp-content\/uploads\/2018\/08\/image18-624x468.jpeg 624w, https:\/\/sy-mora.de\/wp-content\/uploads\/2018\/08\/image18.jpeg 640w\" sizes=\"(max-width: 300px) 100vw, 300px\" \/><\/a><\/p>\n<p><a href=\"https:\/\/sy-mora.de\/?attachment_id=3084\"><img decoding=\"async\" class=\"alignnone size-medium wp-image-3084\" src=\"https:\/\/sy-mora.de\/wp-content\/uploads\/2018\/08\/image19-300x225.jpeg\" alt=\"{CAPTION}\" width=\"300px\" height=\"225px\" srcset=\"https:\/\/sy-mora.de\/wp-content\/uploads\/2018\/08\/image19-300x225.jpeg 300w, https:\/\/sy-mora.de\/wp-content\/uploads\/2018\/08\/image19-624x468.jpeg 624w, https:\/\/sy-mora.de\/wp-content\/uploads\/2018\/08\/image19.jpeg 640w\" sizes=\"(max-width: 300px) 100vw, 300px\" \/><\/a><\/p>\n<p><a href=\"https:\/\/sy-mora.de\/?attachment_id=3085\"><img decoding=\"async\" class=\"alignnone size-medium wp-image-3085\" src=\"https:\/\/sy-mora.de\/wp-content\/uploads\/2018\/08\/image20-300x225.jpeg\" alt=\"{CAPTION}\" width=\"300px\" height=\"225px\" srcset=\"https:\/\/sy-mora.de\/wp-content\/uploads\/2018\/08\/image20-300x225.jpeg 300w, https:\/\/sy-mora.de\/wp-content\/uploads\/2018\/08\/image20-624x468.jpeg 624w, https:\/\/sy-mora.de\/wp-content\/uploads\/2018\/08\/image20.jpeg 640w\" sizes=\"(max-width: 300px) 100vw, 300px\" \/><\/a><\/p>\n<p><a href=\"https:\/\/sy-mora.de\/?attachment_id=3086\"><img decoding=\"async\" class=\"alignnone size-medium wp-image-3086\" src=\"https:\/\/sy-mora.de\/wp-content\/uploads\/2018\/08\/image21-300x225.jpeg\" alt=\"{CAPTION}\" width=\"300px\" height=\"225px\" srcset=\"https:\/\/sy-mora.de\/wp-content\/uploads\/2018\/08\/image21-300x225.jpeg 300w, https:\/\/sy-mora.de\/wp-content\/uploads\/2018\/08\/image21-624x468.jpeg 624w, https:\/\/sy-mora.de\/wp-content\/uploads\/2018\/08\/image21.jpeg 640w\" sizes=\"(max-width: 300px) 100vw, 300px\" \/><\/a><\/p>\n<div class=\"postie-attachments\"><a href=\"https:\/\/sy-mora.de\/?attachment_id=3087\"><img decoding=\"async\" class=\"alignnone size-medium wp-image-3087\" src=\"https:\/\/sy-mora.de\/wp-content\/uploads\/2018\/08\/image2-8-300x225.jpeg\" alt=\"\" width=\"300px\" height=\"225px\" srcset=\"https:\/\/sy-mora.de\/wp-content\/uploads\/2018\/08\/image2-8-300x225.jpeg 300w, https:\/\/sy-mora.de\/wp-content\/uploads\/2018\/08\/image2-8-624x468.jpeg 624w, https:\/\/sy-mora.de\/wp-content\/uploads\/2018\/08\/image2-8.jpeg 640w\" sizes=\"(max-width: 300px) 100vw, 300px\" \/><\/a><br \/>\n<a href=\"https:\/\/sy-mora.de\/?attachment_id=3088\"><img decoding=\"async\" class=\"alignnone size-medium wp-image-3088\" src=\"https:\/\/sy-mora.de\/wp-content\/uploads\/2018\/08\/image1-12-300x225.jpeg\" alt=\"\" width=\"300px\" height=\"225px\" srcset=\"https:\/\/sy-mora.de\/wp-content\/uploads\/2018\/08\/image1-12-300x225.jpeg 300w, https:\/\/sy-mora.de\/wp-content\/uploads\/2018\/08\/image1-12-624x468.jpeg 624w, https:\/\/sy-mora.de\/wp-content\/uploads\/2018\/08\/image1-12.jpeg 640w\" sizes=\"(max-width: 300px) 100vw, 300px\" \/><\/a><\/div>\n","protected":false},"excerpt":{"rendered":"<p>diese galt als die gef\u00e4hrlichste Stadt der Welt. Das war Mitte der 90\u00b4. Bekannt in aller Welt wegen dem ber\u00fcchtigtem Medellin Kartell, dem Drogenboss Pablo Escobar, dem weltweit gef\u00e4hrlichsten Wohnviertel Comuna 13 und etwa 6500 Mordf\u00e4llen pro Jahr. Zum Gl\u00fcck haben wir jetzt 2018, die Situation in Medellin hat sich sehr zum positiven ge\u00e4ndert und [&hellip;]<\/p>\n","protected":false},"author":3,"featured_media":0,"comment_status":"open","ping_status":"closed","sticky":false,"template":"","format":"standard","meta":{"footnotes":""},"categories":[29,33],"tags":[],"class_list":["post-3065","post","type-post","status-publish","format-standard","hentry","category-saison-2018","category-suedamerika"],"_links":{"self":[{"href":"https:\/\/sy-mora.de\/index.php?rest_route=\/wp\/v2\/posts\/3065","targetHints":{"allow":["GET"]}}],"collection":[{"href":"https:\/\/sy-mora.de\/index.php?rest_route=\/wp\/v2\/posts"}],"about":[{"href":"https:\/\/sy-mora.de\/index.php?rest_route=\/wp\/v2\/types\/post"}],"author":[{"embeddable":true,"href":"https:\/\/sy-mora.de\/index.php?rest_route=\/wp\/v2\/users\/3"}],"replies":[{"embeddable":true,"href":"https:\/\/sy-mora.de\/index.php?rest_route=%2Fwp%2Fv2%2Fcomments&post=3065"}],"version-history":[{"count":3,"href":"https:\/\/sy-mora.de\/index.php?rest_route=\/wp\/v2\/posts\/3065\/revisions"}],"predecessor-version":[{"id":3091,"href":"https:\/\/sy-mora.de\/index.php?rest_route=\/wp\/v2\/posts\/3065\/revisions\/3091"}],"wp:attachment":[{"href":"https:\/\/sy-mora.de\/index.php?rest_route=%2Fwp%2Fv2%2Fmedia&parent=3065"}],"wp:term":[{"taxonomy":"category","embeddable":true,"href":"https:\/\/sy-mora.de\/index.php?rest_route=%2Fwp%2Fv2%2Fcategories&post=3065"},{"taxonomy":"post_tag","embeddable":true,"href":"https:\/\/sy-mora.de\/index.php?rest_route=%2Fwp%2Fv2%2Ftags&post=3065"}],"curies":[{"name":"wp","href":"https:\/\/api.w.org\/{rel}","templated":true}]}}