{"id":3199,"date":"2018-09-01T01:38:11","date_gmt":"2018-09-01T00:38:11","guid":{"rendered":"http:\/\/sy-mora.de\/?p=3199"},"modified":"2018-10-21T02:25:23","modified_gmt":"2018-10-21T01:25:23","slug":"die-inka-hauptstadt-cusco","status":"publish","type":"post","link":"https:\/\/sy-mora.de\/?p=3199","title":{"rendered":"die Inka Hauptstadt Cusco"},"content":{"rendered":"<p>25.08. bis 01.09.2018<br \/>\nIch wei\u00df gar nicht wie ich anfangen soll. Cuzco hat uns \u00fcberw\u00e4ltigt. Die Stadt liegt auf 3.400 Meter &#8211; und das sp\u00fcrt man. Wir schnaufen bei jedem Treppen- und H\u00fcgelaufstieg wie alte Leute. Rings um uns herum noch h\u00f6here Berge der Anden. Tags\u00fcber scheint die Sonne und dann ist es ca. 25 Grad warm, kaum ist die Sonne hinter den Bergen untergegangen f\u00e4llt die Temperatur auf ca. 5 Grad. Ralph hat extra nach einer Pension mit warmer Dusche und Heizung gesucht. Mit dem Hostel Casa de Mama Cusco Recoleta haben wir beides gefunden und von unserem Fenster kann ich auf die umliegenden Berge sehen. Als gro\u00dfer Pluspunkt der Pension z\u00e4hlt die N\u00e4he zum historischem Zentrum.<br \/>\nSo k\u00f6nnen wir den Plaza de Armas in gut 5 Minuten fu\u00dfl\u00e4ufig erreichen. Zu Zeiten der Inka soll eine 250 Meter lange Goldkette den Platz umspannt haben. Diese hatten aber die Spanier im 16. Jahrhundert nach ihrer Eroberung eingeschmolzen. Wie auch die golden T\u00fcrrahmen und die ganzen Verzierungen der Inka-Tempel. Inzwischen ist nat\u00fcrlich alles verschwunden was einschmelzbar ist. Alle Inka-Tempel wurden von den spanischen Eroberer zerst\u00f6rt und auf den Grundmauern sind koloniale Kirchen gebaut worden.<br \/>\nSeit 1983 ist Cuzco UNESCO-Weltkulturerbe und es gibt viel zu besichtigen und zu bestaunen. Wir verschonen euch mit der Aufz\u00e4hlung der ganzen Kirchen. Das Schlendern durch die schmalen, gepflasterten Gassen der Altstadt, vorbei an alten, gut erhaltenen Geb\u00e4uden mit wundersch\u00f6nen Holzbalkonen macht Freude. Das Verweilen an kleinen Plaza\u2018s ist einfach nur sch\u00f6n. \u00dcberall finden sich Caf\u00e9s und ein Caf\u00e9 con Leche (Milchkaffee) kostet selbst im Zentrum nur 1,80 \u20ac. Ein Men\u00fc de Dia (3 G\u00e4nge-Men\u00fc) mit Saft bekommt man auch in Cuzco noch f\u00fcr 10 SOL das sind ca. 2,60 \u20ac. Das Bier zum Abendessen gibt es ab 1,50 \u20ac.<br \/>\nWir bestiegen den Hausberg auf dem Cristobal Blanco, eine Nachbildung der Christo-Statue von Rio de Janeiro, thront und schauten uns die Festung Sacsayhuam\u00e1n an. Die riesigen Steine, die bis zu 200 Tonnen schwer sind, wurden bearbeitet und so angepasst das sie fugenlos ineinander passen. Eine Bauweise die imponiert. Ralph war von der Kathedrale beeindruckt und auch der Sonnen Tempel ist einen Besuch wert. Wir h\u00e4tten auch noch eine Woche bleiben k\u00f6nnen und uns w\u00e4re nicht langweilig geworden.<br \/>\nNat\u00fcrlich boomt der Tourismus. \u00dcberall sind Verkaufsst\u00e4nde mit Ponchos, Taschen, Pullis aus Alpakawolle und reichlich billiger Kram zu finden. Touren in die Umgebung werden an jeder Ecke verkauft und \u00fcberall sind wieder die fliegenden H\u00e4ndler unterwegs. F\u00fcr Ordnung sorgt die Touristenpolizei, wenn man \u00fcber den Rasen l\u00e4uft ert\u00f6nt eine krelle Trillerpfeife und es ist im Zentrum sehr sauber.<br \/>\nEin unbedingtes \u201emust see\u201c ist nat\u00fcrlich der Machu Picchu den wir am Dienstag, den 28.8. besuchten. Dazu schreibt Ralph bald n\u00e4heres, bleibt neugierig.<\/p>\n<div id=\"attachment_3134\" style=\"width: 1210px\" class=\"wp-caption alignleft\"><img loading=\"lazy\" decoding=\"async\" aria-describedby=\"caption-attachment-3134\" class=\"size-full wp-image-3134\" src=\"https:\/\/sy-mora.de\/wp-content\/uploads\/2018\/08\/IMG_0246-e1535756279455.jpg\" alt=\"\" width=\"1200\" height=\"900\" \/><p id=\"caption-attachment-3134\" class=\"wp-caption-text\">Flaggenparade am Plaza de Armas, hier die Flaggen von Peru und Cusco<\/p><\/div>\n<div id=\"attachment_3135\" style=\"width: 1210px\" class=\"wp-caption alignleft\"><img loading=\"lazy\" decoding=\"async\" aria-describedby=\"caption-attachment-3135\" class=\"size-full wp-image-3135\" src=\"https:\/\/sy-mora.de\/wp-content\/uploads\/2018\/08\/IMG_0250-e1535756405806.jpg\" alt=\"\" width=\"1200\" height=\"900\" \/><p id=\"caption-attachment-3135\" class=\"wp-caption-text\">enge Gassen rings um unser Hostel<\/p><\/div>\n<div id=\"attachment_3136\" style=\"width: 1210px\" class=\"wp-caption alignleft\"><img loading=\"lazy\" decoding=\"async\" aria-describedby=\"caption-attachment-3136\" class=\"size-full wp-image-3136\" src=\"https:\/\/sy-mora.de\/wp-content\/uploads\/2018\/08\/IMG_0253-e1535756492791.jpg\" alt=\"\" width=\"1200\" height=\"900\" \/><p id=\"caption-attachment-3136\" class=\"wp-caption-text\">Wasserspiele am Plaza San Blas<\/p><\/div>\n<div id=\"attachment_3138\" style=\"width: 1210px\" class=\"wp-caption alignleft\"><img loading=\"lazy\" decoding=\"async\" aria-describedby=\"caption-attachment-3138\" class=\"size-full wp-image-3138\" src=\"https:\/\/sy-mora.de\/wp-content\/uploads\/2018\/08\/IMG_0266-e1535756606339.jpg\" alt=\"\" width=\"1200\" height=\"900\" \/><p id=\"caption-attachment-3138\" class=\"wp-caption-text\">Statue des 9. Inka Herrschers Pachacutec<\/p><\/div>\n<div id=\"attachment_3137\" style=\"width: 1210px\" class=\"wp-caption alignleft\"><img loading=\"lazy\" decoding=\"async\" aria-describedby=\"caption-attachment-3137\" class=\"size-full wp-image-3137\" src=\"https:\/\/sy-mora.de\/wp-content\/uploads\/2018\/08\/IMG_0257-e1535756556544.jpg\" alt=\"\" width=\"1200\" height=\"900\" \/><p id=\"caption-attachment-3137\" class=\"wp-caption-text\">Cusco von Oben<\/p><\/div>\n<div id=\"attachment_3139\" style=\"width: 1210px\" class=\"wp-caption alignleft\"><img loading=\"lazy\" decoding=\"async\" aria-describedby=\"caption-attachment-3139\" class=\"size-full wp-image-3139\" src=\"https:\/\/sy-mora.de\/wp-content\/uploads\/2018\/08\/IMG_0259-e1535757034143.jpg\" alt=\"\" width=\"1200\" height=\"900\" \/><p id=\"caption-attachment-3139\" class=\"wp-caption-text\">Christobal Blanco \u00fcber den D\u00e4chern von Cusco<\/p><\/div>\n<div id=\"attachment_3140\" style=\"width: 1210px\" class=\"wp-caption alignleft\"><img loading=\"lazy\" decoding=\"async\" aria-describedby=\"caption-attachment-3140\" class=\"size-full wp-image-3140\" src=\"https:\/\/sy-mora.de\/wp-content\/uploads\/2018\/08\/IMG_0262-e1535757946212.jpg\" alt=\"\" width=\"1200\" height=\"900\" \/><p id=\"caption-attachment-3140\" class=\"wp-caption-text\">Sacsayhuaman &#8211; und bis heute ist nicht bekannt wozu dieser Bau von den Inka genutzt wurde<\/p><\/div>\n<div id=\"attachment_3151\" style=\"width: 1210px\" class=\"wp-caption alignleft\"><img loading=\"lazy\" decoding=\"async\" aria-describedby=\"caption-attachment-3151\" class=\"size-full wp-image-3151\" src=\"https:\/\/sy-mora.de\/wp-content\/uploads\/2018\/08\/IMG_4047-1-e1535757077838.jpg\" alt=\"\" width=\"1200\" height=\"900\" \/><p id=\"caption-attachment-3151\" class=\"wp-caption-text\">die Kathedrale am Plaza de Armas<\/p><\/div>\n<div id=\"attachment_3141\" style=\"width: 1210px\" class=\"wp-caption alignleft\"><img loading=\"lazy\" decoding=\"async\" aria-describedby=\"caption-attachment-3141\" class=\"size-full wp-image-3141\" src=\"https:\/\/sy-mora.de\/wp-content\/uploads\/2018\/08\/IMG_3969-e1535757897127.jpg\" alt=\"\" width=\"1200\" height=\"900\" \/><p id=\"caption-attachment-3141\" class=\"wp-caption-text\">Im Inneren der Kathedrale<\/p><\/div>\n<div id=\"attachment_3142\" style=\"width: 1210px\" class=\"wp-caption alignleft\"><img loading=\"lazy\" decoding=\"async\" aria-describedby=\"caption-attachment-3142\" class=\"size-full wp-image-3142\" src=\"https:\/\/sy-mora.de\/wp-content\/uploads\/2018\/08\/IMG_3976-e1535757862194.jpg\" alt=\"\" width=\"1200\" height=\"900\" \/><p id=\"caption-attachment-3142\" class=\"wp-caption-text\">Altar mit Silber \u00fcberzogen<\/p><\/div>\n<div id=\"attachment_3143\" style=\"width: 1210px\" class=\"wp-caption alignleft\"><img loading=\"lazy\" decoding=\"async\" aria-describedby=\"caption-attachment-3143\" class=\"size-full wp-image-3143\" src=\"https:\/\/sy-mora.de\/wp-content\/uploads\/2018\/08\/IMG_3978-e1535757814112.jpg\" alt=\"\" width=\"1200\" height=\"900\" \/><p id=\"caption-attachment-3143\" class=\"wp-caption-text\">Meerschweinchen zum Abendmahl<\/p><\/div>\n<div id=\"attachment_3145\" style=\"width: 1210px\" class=\"wp-caption alignleft\"><img loading=\"lazy\" decoding=\"async\" aria-describedby=\"caption-attachment-3145\" class=\"size-full wp-image-3145\" src=\"https:\/\/sy-mora.de\/wp-content\/uploads\/2018\/08\/IMG_4029-e1535757624558.jpg\" alt=\"\" width=\"1200\" height=\"900\" \/><p id=\"caption-attachment-3145\" class=\"wp-caption-text\">neue Kirche auf alten Inka Steinen<\/p><\/div>\n<div id=\"attachment_3144\" style=\"width: 1210px\" class=\"wp-caption alignleft\"><img loading=\"lazy\" decoding=\"async\" aria-describedby=\"caption-attachment-3144\" class=\"size-full wp-image-3144\" src=\"https:\/\/sy-mora.de\/wp-content\/uploads\/2018\/08\/IMG_3980-e1535757748499.jpg\" alt=\"\" width=\"1200\" height=\"900\" \/><p id=\"caption-attachment-3144\" class=\"wp-caption-text\">zauberhafte Balkone<\/p><\/div>\n<div id=\"attachment_3155\" style=\"width: 1210px\" class=\"wp-caption alignleft\"><img loading=\"lazy\" decoding=\"async\" aria-describedby=\"caption-attachment-3155\" class=\"size-full wp-image-3155\" src=\"https:\/\/sy-mora.de\/wp-content\/uploads\/2018\/08\/IMG_4063-e1535756645696.jpg\" alt=\"\" width=\"1200\" height=\"900\" \/><p id=\"caption-attachment-3155\" class=\"wp-caption-text\">und noch einmal wundersch\u00f6ne H\u00e4userfasaden mit Balkon<\/p><\/div>\n<div id=\"attachment_3146\" style=\"width: 1210px\" class=\"wp-caption alignleft\"><img loading=\"lazy\" decoding=\"async\" aria-describedby=\"caption-attachment-3146\" class=\"size-full wp-image-3146\" src=\"https:\/\/sy-mora.de\/wp-content\/uploads\/2018\/08\/IMG_4033-e1535757545929.jpg\" alt=\"\" width=\"1200\" height=\"900\" \/><p id=\"caption-attachment-3146\" class=\"wp-caption-text\">Alpakas, f\u00fcr die Touristen herausgeputzt<\/p><\/div>\n<div id=\"attachment_3147\" style=\"width: 910px\" class=\"wp-caption alignleft\"><img loading=\"lazy\" decoding=\"async\" aria-describedby=\"caption-attachment-3147\" class=\"size-full wp-image-3147\" src=\"https:\/\/sy-mora.de\/wp-content\/uploads\/2018\/08\/IMG_4037-e1535757491205.jpg\" alt=\"\" width=\"900\" height=\"1200\" srcset=\"https:\/\/sy-mora.de\/wp-content\/uploads\/2018\/08\/IMG_4037-e1535757491205.jpg 900w, https:\/\/sy-mora.de\/wp-content\/uploads\/2018\/08\/IMG_4037-e1535757491205-225x300.jpg 225w, https:\/\/sy-mora.de\/wp-content\/uploads\/2018\/08\/IMG_4037-e1535757491205-768x1024.jpg 768w, https:\/\/sy-mora.de\/wp-content\/uploads\/2018\/08\/IMG_4037-e1535757491205-624x832.jpg 624w\" sizes=\"auto, (max-width: 900px) 100vw, 900px\" \/><p id=\"caption-attachment-3147\" class=\"wp-caption-text\">Frauen in Tracht mit Baby Alpakas, f\u00fcr 2 Sol kann man sich mit ihnen fotografieren lassen<\/p><\/div>\n<div id=\"attachment_3149\" style=\"width: 1210px\" class=\"wp-caption alignleft\"><img loading=\"lazy\" decoding=\"async\" aria-describedby=\"caption-attachment-3149\" class=\"size-full wp-image-3149\" src=\"https:\/\/sy-mora.de\/wp-content\/uploads\/2018\/08\/IMG_4045-e1535757151846.jpg\" alt=\"\" width=\"1200\" height=\"900\" \/><p id=\"caption-attachment-3149\" class=\"wp-caption-text\">Springbrunnen mit Pachacutec auf dem Plaza de Armas<\/p><\/div>\n<div id=\"attachment_3148\" style=\"width: 1210px\" class=\"wp-caption alignleft\"><img loading=\"lazy\" decoding=\"async\" aria-describedby=\"caption-attachment-3148\" class=\"size-full wp-image-3148\" src=\"https:\/\/sy-mora.de\/wp-content\/uploads\/2018\/08\/IMG_4039-e1535757192658.jpg\" alt=\"\" width=\"1200\" height=\"900\" \/><p id=\"caption-attachment-3148\" class=\"wp-caption-text\">Blick vom Plaza de Armaz auf La Compania<\/p><\/div>\n<div id=\"attachment_3152\" style=\"width: 1210px\" class=\"wp-caption alignleft\"><img loading=\"lazy\" decoding=\"async\" aria-describedby=\"caption-attachment-3152\" class=\"size-full wp-image-3152\" src=\"https:\/\/sy-mora.de\/wp-content\/uploads\/2018\/08\/IMG_4051-e1535756983753.jpg\" alt=\"\" width=\"1200\" height=\"900\" \/><p id=\"caption-attachment-3152\" class=\"wp-caption-text\">der Sonnen-Tempel von Au\u00dfen<\/p><\/div>\n<div id=\"attachment_3153\" style=\"width: 1210px\" class=\"wp-caption alignleft\"><img loading=\"lazy\" decoding=\"async\" aria-describedby=\"caption-attachment-3153\" class=\"size-full wp-image-3153\" src=\"https:\/\/sy-mora.de\/wp-content\/uploads\/2018\/08\/IMG_4057-e1535756857270.jpg\" alt=\"\" width=\"1200\" height=\"900\" \/><p id=\"caption-attachment-3153\" class=\"wp-caption-text\">einer von gef\u00fchlten 1000 Souvenir Shops<\/p><\/div>\n","protected":false},"excerpt":{"rendered":"<p>25.08. bis 01.09.2018 Ich wei\u00df gar nicht wie ich anfangen soll. Cuzco hat uns \u00fcberw\u00e4ltigt. Die Stadt liegt auf 3.400 Meter &#8211; und das sp\u00fcrt man. Wir schnaufen bei jedem Treppen- und H\u00fcgelaufstieg wie alte Leute. Rings um uns herum noch h\u00f6here Berge der Anden. Tags\u00fcber scheint die Sonne und dann ist es ca. 25 [&hellip;]<\/p>\n","protected":false},"author":4,"featured_media":0,"comment_status":"open","ping_status":"closed","sticky":false,"template":"","format":"standard","meta":{"footnotes":""},"categories":[29,33],"tags":[],"class_list":["post-3199","post","type-post","status-publish","format-standard","hentry","category-saison-2018","category-suedamerika"],"_links":{"self":[{"href":"https:\/\/sy-mora.de\/index.php?rest_route=\/wp\/v2\/posts\/3199","targetHints":{"allow":["GET"]}}],"collection":[{"href":"https:\/\/sy-mora.de\/index.php?rest_route=\/wp\/v2\/posts"}],"about":[{"href":"https:\/\/sy-mora.de\/index.php?rest_route=\/wp\/v2\/types\/post"}],"author":[{"embeddable":true,"href":"https:\/\/sy-mora.de\/index.php?rest_route=\/wp\/v2\/users\/4"}],"replies":[{"embeddable":true,"href":"https:\/\/sy-mora.de\/index.php?rest_route=%2Fwp%2Fv2%2Fcomments&post=3199"}],"version-history":[{"count":7,"href":"https:\/\/sy-mora.de\/index.php?rest_route=\/wp\/v2\/posts\/3199\/revisions"}],"predecessor-version":[{"id":3206,"href":"https:\/\/sy-mora.de\/index.php?rest_route=\/wp\/v2\/posts\/3199\/revisions\/3206"}],"wp:attachment":[{"href":"https:\/\/sy-mora.de\/index.php?rest_route=%2Fwp%2Fv2%2Fmedia&parent=3199"}],"wp:term":[{"taxonomy":"category","embeddable":true,"href":"https:\/\/sy-mora.de\/index.php?rest_route=%2Fwp%2Fv2%2Fcategories&post=3199"},{"taxonomy":"post_tag","embeddable":true,"href":"https:\/\/sy-mora.de\/index.php?rest_route=%2Fwp%2Fv2%2Ftags&post=3199"}],"curies":[{"name":"wp","href":"https:\/\/api.w.org\/{rel}","templated":true}]}}