{"id":3500,"date":"2019-01-18T05:34:30","date_gmt":"2019-01-18T04:34:30","guid":{"rendered":"http:\/\/sy-mora.de\/?p=3500"},"modified":"2019-01-18T07:09:25","modified_gmt":"2019-01-18T06:09:25","slug":"cartagena-und-isla-del-rosario","status":"publish","type":"post","link":"https:\/\/sy-mora.de\/?p=3500","title":{"rendered":"Cartagena und Isla del Rosario"},"content":{"rendered":"<p>04.01.2019 bis 18.01.2019<\/p>\n<p>Am Morgen des 04.Januar setzten wir die Segel zu unserem n\u00e4chsten Ziel in Kolumbien. Cartagena de Indias. Die Strecke betr\u00e4gt von Santa Marta ca 110 Seemeilen. Wir wollten an Tag eins erst einmal an der M\u00fcndung des Rio Magdalena vorbei bis Puerto Valero und dann an Tag zwei die restliche 55 Meilen bis Cartagena segeln. Doch bevor wir wirklich so weit waren und die Segel setzen konnten erlebten wir eine kleine \u00dcberraschung beim Ablegen. Um 6:00 Uhr standen ganze 10 Teilnehmer der Rallye vor unserem Boot und wollten beim L\u00f6sen der Leinen helfen. Selbst bei gutem Willen meinerseits h\u00e4tte ich nicht f\u00fcr jeden einen Strick zum Losmachen gehabt. Da hatte ich schon den Kaffee auf bevor er so richtig in der Tasse war. \ud83d\ude41 Aber zur\u00fcck zum Segeln. In der ersten Stunde mussten wir noch den Motor bem\u00fchen um Santa Marta zu verlassen doch dann kam der Wind. Und das nicht zu knapp. Aus 20 Knoten wurden ganz schnell 30 und in B\u00f6en zeigten die Instrumente 38 Knoten. Wohl von schr\u00e4g achtern (hinten) aber das ist dann schon eine Menge. Dabei baut sich auch eine ganz ordentliche Welle auf. Aber wir hatten dann doch unseren Spa\u00df bei einer Geschwindigkeit von bis zu 9,5 Knoten und die meisten Wellen hat unsere mora recht gut weggesteckt. (einmal hat sich eine bis ins Cockpit verirrt und wir wurden mit einer kleinen Dusche voller Salzwasser erfrischt) Kurz nach der M\u00fcndung der Rio Magdalena war dann aber der Spuk mit den gro\u00dfen Wellen vorbei und wir staunten nicht schlecht als das Wasser schlagartig die Farbe von Blau zu Braun wechselte. Dabei hatten wir extra einen Abstand von 5 Seemeilen zur K\u00fcste gehalten denn der Fluss kann ganze B\u00e4ume, K\u00fchlschr\u00e4nke und allerlei anderen Unrat ins Meer Sp\u00fclen. Die neue Wasserfarbe begleitete uns bis zum Ankerplatz in der Bucht von Puerto Valero. Von da an ging es auch am fr\u00fchen Morgen des 05. Januar weiter in Richtung Cartagena. Eigentlich war der n\u00e4chste Stopp der Rallye sogar auf Isla Grande (Islas del Rosario) geplant aber dann h\u00e4tten wir zu oft den Motor zu Hilfe nehmen m\u00fcssen um bei leichtem Wind die Strecke von 65 Seemeilen im Hellen zu bew\u00e4ltigen. Auf dem Weg nach Cartagena ist schon von weitem die Skyline der Stadt zu sehen. Dutzende Wolkenkratzer stehen eng aneinander. Und auch die Musikbegeisterung der S\u00fcdamerikaner ist ohne Probleme bereits 2 Meilen vor der K\u00fcste zu h\u00f6ren. Gegen den Wind!!! Und so ankerten wir dann am sp\u00e4ten Nachmittag direkt in einer Diskothek. Also wir lagen schon noch im Wasser. Zu unserer Freude war am Ufer eine B\u00fchne aufgebaut und dort standen Boxen so gro\u00df wie Hochh\u00e4user&#8230; Zum Gl\u00fcck war es ein richtig guter Sound. Aber nach 2 Tagen mit Wecker um 5 Uhr br\u00e4uchten wir nicht unbedingt Musik bis 4:30 Uhr am Morgen. \ud83d\ude41 So hatten wir uns auch am Samstag nach einem ersten Kaffee recht schnell dazu entschlossen die verbleibenden Meilen bis zu den Rosario Inseln zu segeln. Dort empfingen uns einige der Rallye Teilnehmer bei sch\u00f6nstem Sonnenschein und wohlf\u00fchl Wassertemperatur von 25 Grad am Ankerplatz. Den n\u00e4chsten Tag verbrachten wir mit Ausruhen und Schwimmen. Immer sch\u00f6n abwechselnd. Am Montag ging es dann doch wieder zur\u00fcck nach Cartagena. Wir wollten der Stadt eine 2. Chance geben. Und dies hat sich dann doch noch gelohnt. Abseits der sehr sch\u00f6nen Altstadt (leider v\u00f6llig \u00fcberlaufen und teuer) gibt es einige kleinere Stadtteile zu erkunden und mit ein bisschen Gesp\u00fcr sind auch recht viele Restaurants und Kaffees zu finden in denen das normale Preisniveau von Kolumbien vorherrscht. So verbrachten wir dann doch ganze 5 Tage in Cartagena. Eine Stadt mit vielen Gegens\u00e4tzen. Die Apartments der Hochh\u00e4user geh\u00f6ren zu den teuersten in S\u00fcdamerika, die Altstadt mit ihrer enormen Befestigungsanlage ist zu recht Weltkulturerbe, die Menschen sind auch hier wieder enorm hilfsbereit und freundlich aber es gibt auch einiges an Armut in den Randbezirken. Wer mit dem Gedanken einer Kolumbien Rundreise spielt sollte auf jeden Fall ein paar Tage f\u00fcr Cartagena einplanen.<\/p>\n<p>Bei uns an Bord hielt aber schon wieder die Sehnsucht nach Schwimmen und Schnorcheln Einzug und so sind wir abermals in die gro\u00dfe Ankerbucht vor Isla Grande gesegelt und konnten uns dort gut von der Gro\u00dfstadt erholen. Auf der Insel gibt es keine festen Stra\u00dfen und auch keine Autos. Trampelpfade und ab und zu ein paar Kinder mit einem Fahrrad pr\u00e4gen das Bild. Die H\u00fctten sind ein bisschen vom Winde verweht. F\u00fcr die Touristen gibt es eine Handvoll kleiner Eco Hotels mit H\u00e4ngematten und \u00f6kologisch wertvollen Zuckerrohr Getr\u00e4nken. Beim Spazieren sind Kokosn\u00fcsse ein beliebtes Sammelobjekt. Am Wochenende kommen gern mal die Bewohner von Cartagena auf ihre Insel und genie\u00dfen die Ruhe. (oder Sie genie\u00dfen noch mehr Musik auf ihren schicken Motorbooten)<br \/>\nWir starten von hier am 18. Januar zu den San Bernardo Inseln und sp\u00e4ter nach Isla Fuerte. Beides noch in Kolumbien. Und danach geht es nach Panama auf die San Blas Inseln. Die sind so ziemlich am AdW. Deshalb wird der n\u00e4chste Eintrag auf dieser Seite wohl erst Mitte Februar erscheinen. Bleibt neugierig&#8230;<\/p>\n<div id=\"attachment_3478\" style=\"width: 1290px\" class=\"wp-caption alignleft\"><img loading=\"lazy\" decoding=\"async\" aria-describedby=\"caption-attachment-3478\" class=\"size-full wp-image-3478\" src=\"https:\/\/sy-mora.de\/wp-content\/uploads\/2019\/01\/1_Cartagena.jpg\" alt=\"\" width=\"1280\" height=\"805\" srcset=\"https:\/\/sy-mora.de\/wp-content\/uploads\/2019\/01\/1_Cartagena.jpg 1280w, https:\/\/sy-mora.de\/wp-content\/uploads\/2019\/01\/1_Cartagena-300x189.jpg 300w, https:\/\/sy-mora.de\/wp-content\/uploads\/2019\/01\/1_Cartagena-768x483.jpg 768w, https:\/\/sy-mora.de\/wp-content\/uploads\/2019\/01\/1_Cartagena-1024x644.jpg 1024w, https:\/\/sy-mora.de\/wp-content\/uploads\/2019\/01\/1_Cartagena-624x392.jpg 624w\" sizes=\"auto, (max-width: 1280px) 100vw, 1280px\" \/><p id=\"caption-attachment-3478\" class=\"wp-caption-text\">Skyline<\/p><\/div>\n<div id=\"attachment_3479\" style=\"width: 1290px\" class=\"wp-caption alignleft\"><img loading=\"lazy\" decoding=\"async\" aria-describedby=\"caption-attachment-3479\" class=\"size-full wp-image-3479\" src=\"https:\/\/sy-mora.de\/wp-content\/uploads\/2019\/01\/2_Cartagena.jpg\" alt=\"\" width=\"1280\" height=\"690\" srcset=\"https:\/\/sy-mora.de\/wp-content\/uploads\/2019\/01\/2_Cartagena.jpg 1280w, https:\/\/sy-mora.de\/wp-content\/uploads\/2019\/01\/2_Cartagena-300x162.jpg 300w, https:\/\/sy-mora.de\/wp-content\/uploads\/2019\/01\/2_Cartagena-768x414.jpg 768w, https:\/\/sy-mora.de\/wp-content\/uploads\/2019\/01\/2_Cartagena-1024x552.jpg 1024w, https:\/\/sy-mora.de\/wp-content\/uploads\/2019\/01\/2_Cartagena-624x336.jpg 624w\" sizes=\"auto, (max-width: 1280px) 100vw, 1280px\" \/><p id=\"caption-attachment-3479\" class=\"wp-caption-text\">Wolkenkratzer mit historischem Segler<\/p><\/div>\n<div id=\"attachment_3481\" style=\"width: 1290px\" class=\"wp-caption alignleft\"><img loading=\"lazy\" decoding=\"async\" aria-describedby=\"caption-attachment-3481\" class=\"size-full wp-image-3481\" src=\"https:\/\/sy-mora.de\/wp-content\/uploads\/2019\/01\/4_Cartagena.jpg\" alt=\"\" width=\"1280\" height=\"719\" srcset=\"https:\/\/sy-mora.de\/wp-content\/uploads\/2019\/01\/4_Cartagena.jpg 1280w, https:\/\/sy-mora.de\/wp-content\/uploads\/2019\/01\/4_Cartagena-300x169.jpg 300w, https:\/\/sy-mora.de\/wp-content\/uploads\/2019\/01\/4_Cartagena-768x431.jpg 768w, https:\/\/sy-mora.de\/wp-content\/uploads\/2019\/01\/4_Cartagena-1024x575.jpg 1024w, https:\/\/sy-mora.de\/wp-content\/uploads\/2019\/01\/4_Cartagena-624x351.jpg 624w\" sizes=\"auto, (max-width: 1280px) 100vw, 1280px\" \/><p id=\"caption-attachment-3481\" class=\"wp-caption-text\">Cartagena bei Nacht<\/p><\/div>\n<div id=\"attachment_3482\" style=\"width: 1290px\" class=\"wp-caption alignleft\"><img loading=\"lazy\" decoding=\"async\" aria-describedby=\"caption-attachment-3482\" class=\"size-full wp-image-3482\" src=\"https:\/\/sy-mora.de\/wp-content\/uploads\/2019\/01\/6_Cartagena.jpg\" alt=\"\" width=\"1280\" height=\"719\" srcset=\"https:\/\/sy-mora.de\/wp-content\/uploads\/2019\/01\/6_Cartagena.jpg 1280w, https:\/\/sy-mora.de\/wp-content\/uploads\/2019\/01\/6_Cartagena-300x169.jpg 300w, https:\/\/sy-mora.de\/wp-content\/uploads\/2019\/01\/6_Cartagena-768x431.jpg 768w, https:\/\/sy-mora.de\/wp-content\/uploads\/2019\/01\/6_Cartagena-1024x575.jpg 1024w, https:\/\/sy-mora.de\/wp-content\/uploads\/2019\/01\/6_Cartagena-624x351.jpg 624w\" sizes=\"auto, (max-width: 1280px) 100vw, 1280px\" \/><p id=\"caption-attachment-3482\" class=\"wp-caption-text\">Balkon in der Altstadt<\/p><\/div>\n<div id=\"attachment_3483\" style=\"width: 1290px\" class=\"wp-caption alignleft\"><img loading=\"lazy\" decoding=\"async\" aria-describedby=\"caption-attachment-3483\" class=\"size-full wp-image-3483\" src=\"https:\/\/sy-mora.de\/wp-content\/uploads\/2019\/01\/7_Cartagena.jpg\" alt=\"\" width=\"1280\" height=\"719\" srcset=\"https:\/\/sy-mora.de\/wp-content\/uploads\/2019\/01\/7_Cartagena.jpg 1280w, https:\/\/sy-mora.de\/wp-content\/uploads\/2019\/01\/7_Cartagena-300x169.jpg 300w, https:\/\/sy-mora.de\/wp-content\/uploads\/2019\/01\/7_Cartagena-768x431.jpg 768w, https:\/\/sy-mora.de\/wp-content\/uploads\/2019\/01\/7_Cartagena-1024x575.jpg 1024w, https:\/\/sy-mora.de\/wp-content\/uploads\/2019\/01\/7_Cartagena-624x351.jpg 624w\" sizes=\"auto, (max-width: 1280px) 100vw, 1280px\" \/><p id=\"caption-attachment-3483\" class=\"wp-caption-text\">Balkon<\/p><\/div>\n<div id=\"attachment_3484\" style=\"width: 1290px\" class=\"wp-caption alignleft\"><img loading=\"lazy\" decoding=\"async\" aria-describedby=\"caption-attachment-3484\" class=\"size-full wp-image-3484\" src=\"https:\/\/sy-mora.de\/wp-content\/uploads\/2019\/01\/8_Cartagena.jpg\" alt=\"\" width=\"1280\" height=\"719\" srcset=\"https:\/\/sy-mora.de\/wp-content\/uploads\/2019\/01\/8_Cartagena.jpg 1280w, https:\/\/sy-mora.de\/wp-content\/uploads\/2019\/01\/8_Cartagena-300x169.jpg 300w, https:\/\/sy-mora.de\/wp-content\/uploads\/2019\/01\/8_Cartagena-768x431.jpg 768w, https:\/\/sy-mora.de\/wp-content\/uploads\/2019\/01\/8_Cartagena-1024x575.jpg 1024w, https:\/\/sy-mora.de\/wp-content\/uploads\/2019\/01\/8_Cartagena-624x351.jpg 624w\" sizes=\"auto, (max-width: 1280px) 100vw, 1280px\" \/><p id=\"caption-attachment-3484\" class=\"wp-caption-text\">und noch ein Balkon<\/p><\/div>\n<div id=\"attachment_3485\" style=\"width: 1290px\" class=\"wp-caption alignleft\"><img loading=\"lazy\" decoding=\"async\" aria-describedby=\"caption-attachment-3485\" class=\"size-full wp-image-3485\" src=\"https:\/\/sy-mora.de\/wp-content\/uploads\/2019\/01\/9_Cartagena.jpg\" alt=\"\" width=\"1280\" height=\"719\" srcset=\"https:\/\/sy-mora.de\/wp-content\/uploads\/2019\/01\/9_Cartagena.jpg 1280w, https:\/\/sy-mora.de\/wp-content\/uploads\/2019\/01\/9_Cartagena-300x169.jpg 300w, https:\/\/sy-mora.de\/wp-content\/uploads\/2019\/01\/9_Cartagena-768x431.jpg 768w, https:\/\/sy-mora.de\/wp-content\/uploads\/2019\/01\/9_Cartagena-1024x575.jpg 1024w, https:\/\/sy-mora.de\/wp-content\/uploads\/2019\/01\/9_Cartagena-624x351.jpg 624w\" sizes=\"auto, (max-width: 1280px) 100vw, 1280px\" \/><p id=\"caption-attachment-3485\" class=\"wp-caption-text\">Graffiti im Stadtteil Getsemani<\/p><\/div>\n<div id=\"attachment_3486\" style=\"width: 1290px\" class=\"wp-caption alignleft\"><img loading=\"lazy\" decoding=\"async\" aria-describedby=\"caption-attachment-3486\" class=\"size-full wp-image-3486\" src=\"https:\/\/sy-mora.de\/wp-content\/uploads\/2019\/01\/10_Cartagena.jpg\" alt=\"\" width=\"1280\" height=\"719\" srcset=\"https:\/\/sy-mora.de\/wp-content\/uploads\/2019\/01\/10_Cartagena.jpg 1280w, https:\/\/sy-mora.de\/wp-content\/uploads\/2019\/01\/10_Cartagena-300x169.jpg 300w, https:\/\/sy-mora.de\/wp-content\/uploads\/2019\/01\/10_Cartagena-768x431.jpg 768w, https:\/\/sy-mora.de\/wp-content\/uploads\/2019\/01\/10_Cartagena-1024x575.jpg 1024w, https:\/\/sy-mora.de\/wp-content\/uploads\/2019\/01\/10_Cartagena-624x351.jpg 624w\" sizes=\"auto, (max-width: 1280px) 100vw, 1280px\" \/><p id=\"caption-attachment-3486\" class=\"wp-caption-text\">Graffiti<\/p><\/div>\n<div id=\"attachment_3487\" style=\"width: 1290px\" class=\"wp-caption alignleft\"><img loading=\"lazy\" decoding=\"async\" aria-describedby=\"caption-attachment-3487\" class=\"size-full wp-image-3487\" src=\"https:\/\/sy-mora.de\/wp-content\/uploads\/2019\/01\/12_Cartagena.jpg\" alt=\"\" width=\"1280\" height=\"719\" srcset=\"https:\/\/sy-mora.de\/wp-content\/uploads\/2019\/01\/12_Cartagena.jpg 1280w, https:\/\/sy-mora.de\/wp-content\/uploads\/2019\/01\/12_Cartagena-300x169.jpg 300w, https:\/\/sy-mora.de\/wp-content\/uploads\/2019\/01\/12_Cartagena-768x431.jpg 768w, https:\/\/sy-mora.de\/wp-content\/uploads\/2019\/01\/12_Cartagena-1024x575.jpg 1024w, https:\/\/sy-mora.de\/wp-content\/uploads\/2019\/01\/12_Cartagena-624x351.jpg 624w\" sizes=\"auto, (max-width: 1280px) 100vw, 1280px\" \/><p id=\"caption-attachment-3487\" class=\"wp-caption-text\">Graffiti<\/p><\/div>\n<div id=\"attachment_3499\" style=\"width: 1290px\" class=\"wp-caption alignleft\"><img loading=\"lazy\" decoding=\"async\" aria-describedby=\"caption-attachment-3499\" class=\"size-full wp-image-3499\" src=\"https:\/\/sy-mora.de\/wp-content\/uploads\/2019\/01\/11_Cartagena.jpg\" alt=\"\" width=\"1280\" height=\"719\" srcset=\"https:\/\/sy-mora.de\/wp-content\/uploads\/2019\/01\/11_Cartagena.jpg 1280w, https:\/\/sy-mora.de\/wp-content\/uploads\/2019\/01\/11_Cartagena-300x169.jpg 300w, https:\/\/sy-mora.de\/wp-content\/uploads\/2019\/01\/11_Cartagena-768x431.jpg 768w, https:\/\/sy-mora.de\/wp-content\/uploads\/2019\/01\/11_Cartagena-1024x575.jpg 1024w, https:\/\/sy-mora.de\/wp-content\/uploads\/2019\/01\/11_Cartagena-624x351.jpg 624w\" sizes=\"auto, (max-width: 1280px) 100vw, 1280px\" \/><p id=\"caption-attachment-3499\" class=\"wp-caption-text\">Graffiti<\/p><\/div>\n<div id=\"attachment_3488\" style=\"width: 1290px\" class=\"wp-caption alignleft\"><img loading=\"lazy\" decoding=\"async\" aria-describedby=\"caption-attachment-3488\" class=\"size-full wp-image-3488\" src=\"https:\/\/sy-mora.de\/wp-content\/uploads\/2019\/01\/13_Cartagena.jpg\" alt=\"\" width=\"1280\" height=\"2278\" srcset=\"https:\/\/sy-mora.de\/wp-content\/uploads\/2019\/01\/13_Cartagena.jpg 1280w, https:\/\/sy-mora.de\/wp-content\/uploads\/2019\/01\/13_Cartagena-169x300.jpg 169w, https:\/\/sy-mora.de\/wp-content\/uploads\/2019\/01\/13_Cartagena-768x1367.jpg 768w, https:\/\/sy-mora.de\/wp-content\/uploads\/2019\/01\/13_Cartagena-575x1024.jpg 575w, https:\/\/sy-mora.de\/wp-content\/uploads\/2019\/01\/13_Cartagena-624x1111.jpg 624w\" sizes=\"auto, (max-width: 1280px) 100vw, 1280px\" \/><p id=\"caption-attachment-3488\" class=\"wp-caption-text\">Moni mit Meerjungfrau<\/p><\/div>\n<div id=\"attachment_3489\" style=\"width: 1290px\" class=\"wp-caption alignleft\"><img loading=\"lazy\" decoding=\"async\" aria-describedby=\"caption-attachment-3489\" class=\"size-full wp-image-3489\" src=\"https:\/\/sy-mora.de\/wp-content\/uploads\/2019\/01\/14_Cartagena.jpg\" alt=\"\" width=\"1280\" height=\"719\" srcset=\"https:\/\/sy-mora.de\/wp-content\/uploads\/2019\/01\/14_Cartagena.jpg 1280w, https:\/\/sy-mora.de\/wp-content\/uploads\/2019\/01\/14_Cartagena-300x169.jpg 300w, https:\/\/sy-mora.de\/wp-content\/uploads\/2019\/01\/14_Cartagena-768x431.jpg 768w, https:\/\/sy-mora.de\/wp-content\/uploads\/2019\/01\/14_Cartagena-1024x575.jpg 1024w, https:\/\/sy-mora.de\/wp-content\/uploads\/2019\/01\/14_Cartagena-624x351.jpg 624w\" sizes=\"auto, (max-width: 1280px) 100vw, 1280px\" \/><p id=\"caption-attachment-3489\" class=\"wp-caption-text\">Bio Restaurant<\/p><\/div>\n<div id=\"attachment_3490\" style=\"width: 1290px\" class=\"wp-caption alignleft\"><img loading=\"lazy\" decoding=\"async\" aria-describedby=\"caption-attachment-3490\" class=\"size-full wp-image-3490\" src=\"https:\/\/sy-mora.de\/wp-content\/uploads\/2019\/01\/15_Cartagena.jpg\" alt=\"\" width=\"1280\" height=\"789\" srcset=\"https:\/\/sy-mora.de\/wp-content\/uploads\/2019\/01\/15_Cartagena.jpg 1280w, https:\/\/sy-mora.de\/wp-content\/uploads\/2019\/01\/15_Cartagena-300x185.jpg 300w, https:\/\/sy-mora.de\/wp-content\/uploads\/2019\/01\/15_Cartagena-768x473.jpg 768w, https:\/\/sy-mora.de\/wp-content\/uploads\/2019\/01\/15_Cartagena-1024x631.jpg 1024w, https:\/\/sy-mora.de\/wp-content\/uploads\/2019\/01\/15_Cartagena-624x385.jpg 624w\" sizes=\"auto, (max-width: 1280px) 100vw, 1280px\" \/><p id=\"caption-attachment-3490\" class=\"wp-caption-text\">Wochenendh\u00e4user am Strand von Isla Grande<\/p><\/div>\n<div id=\"attachment_3491\" style=\"width: 1290px\" class=\"wp-caption alignleft\"><img loading=\"lazy\" decoding=\"async\" aria-describedby=\"caption-attachment-3491\" class=\"size-full wp-image-3491\" src=\"https:\/\/sy-mora.de\/wp-content\/uploads\/2019\/01\/16_Cartagena.jpg\" alt=\"\" width=\"1280\" height=\"823\" srcset=\"https:\/\/sy-mora.de\/wp-content\/uploads\/2019\/01\/16_Cartagena.jpg 1280w, https:\/\/sy-mora.de\/wp-content\/uploads\/2019\/01\/16_Cartagena-300x193.jpg 300w, https:\/\/sy-mora.de\/wp-content\/uploads\/2019\/01\/16_Cartagena-768x494.jpg 768w, https:\/\/sy-mora.de\/wp-content\/uploads\/2019\/01\/16_Cartagena-1024x658.jpg 1024w, https:\/\/sy-mora.de\/wp-content\/uploads\/2019\/01\/16_Cartagena-624x401.jpg 624w\" sizes=\"auto, (max-width: 1280px) 100vw, 1280px\" \/><p id=\"caption-attachment-3491\" class=\"wp-caption-text\">dieses kleine Kriegsschiff wurde extra zum Schutz der Rallye Boote abbestellt<\/p><\/div>\n<div id=\"attachment_3492\" style=\"width: 1290px\" class=\"wp-caption alignleft\"><img loading=\"lazy\" decoding=\"async\" aria-describedby=\"caption-attachment-3492\" class=\"size-full wp-image-3492\" src=\"https:\/\/sy-mora.de\/wp-content\/uploads\/2019\/01\/17_Cartagena.jpg\" alt=\"\" width=\"1280\" height=\"960\" srcset=\"https:\/\/sy-mora.de\/wp-content\/uploads\/2019\/01\/17_Cartagena.jpg 1280w, https:\/\/sy-mora.de\/wp-content\/uploads\/2019\/01\/17_Cartagena-300x225.jpg 300w, https:\/\/sy-mora.de\/wp-content\/uploads\/2019\/01\/17_Cartagena-768x576.jpg 768w, https:\/\/sy-mora.de\/wp-content\/uploads\/2019\/01\/17_Cartagena-1024x768.jpg 1024w, https:\/\/sy-mora.de\/wp-content\/uploads\/2019\/01\/17_Cartagena-624x468.jpg 624w\" sizes=\"auto, (max-width: 1280px) 100vw, 1280px\" \/><p id=\"caption-attachment-3492\" class=\"wp-caption-text\">Sport am Morgen vertreibt Kummer und Sorgen<\/p><\/div>\n<div id=\"attachment_3493\" style=\"width: 1290px\" class=\"wp-caption alignleft\"><img loading=\"lazy\" decoding=\"async\" aria-describedby=\"caption-attachment-3493\" class=\"size-full wp-image-3493\" src=\"https:\/\/sy-mora.de\/wp-content\/uploads\/2019\/01\/19_Cartagena.jpg\" alt=\"\" width=\"1280\" height=\"929\" srcset=\"https:\/\/sy-mora.de\/wp-content\/uploads\/2019\/01\/19_Cartagena.jpg 1280w, https:\/\/sy-mora.de\/wp-content\/uploads\/2019\/01\/19_Cartagena-300x218.jpg 300w, https:\/\/sy-mora.de\/wp-content\/uploads\/2019\/01\/19_Cartagena-768x557.jpg 768w, https:\/\/sy-mora.de\/wp-content\/uploads\/2019\/01\/19_Cartagena-1024x743.jpg 1024w, https:\/\/sy-mora.de\/wp-content\/uploads\/2019\/01\/19_Cartagena-624x453.jpg 624w\" sizes=\"auto, (max-width: 1280px) 100vw, 1280px\" \/><p id=\"caption-attachment-3493\" class=\"wp-caption-text\">Blick zum Riff an der Nordk\u00fcste<\/p><\/div>\n<div id=\"attachment_3494\" style=\"width: 1290px\" class=\"wp-caption alignleft\"><img loading=\"lazy\" decoding=\"async\" aria-describedby=\"caption-attachment-3494\" class=\"size-full wp-image-3494\" src=\"https:\/\/sy-mora.de\/wp-content\/uploads\/2019\/01\/20_Cartagena.jpg\" alt=\"\" width=\"1280\" height=\"959\" srcset=\"https:\/\/sy-mora.de\/wp-content\/uploads\/2019\/01\/20_Cartagena.jpg 1280w, https:\/\/sy-mora.de\/wp-content\/uploads\/2019\/01\/20_Cartagena-300x225.jpg 300w, https:\/\/sy-mora.de\/wp-content\/uploads\/2019\/01\/20_Cartagena-768x575.jpg 768w, https:\/\/sy-mora.de\/wp-content\/uploads\/2019\/01\/20_Cartagena-1024x767.jpg 1024w, https:\/\/sy-mora.de\/wp-content\/uploads\/2019\/01\/20_Cartagena-624x468.jpg 624w\" sizes=\"auto, (max-width: 1280px) 100vw, 1280px\" \/><p id=\"caption-attachment-3494\" class=\"wp-caption-text\">vor Wellen gesch\u00fctzt kann der Badespass beginnen<\/p><\/div>\n<div id=\"attachment_3495\" style=\"width: 1290px\" class=\"wp-caption alignleft\"><img loading=\"lazy\" decoding=\"async\" aria-describedby=\"caption-attachment-3495\" class=\"size-full wp-image-3495\" src=\"https:\/\/sy-mora.de\/wp-content\/uploads\/2019\/01\/21_Cartagena.jpg\" alt=\"\" width=\"1280\" height=\"960\" srcset=\"https:\/\/sy-mora.de\/wp-content\/uploads\/2019\/01\/21_Cartagena.jpg 1280w, https:\/\/sy-mora.de\/wp-content\/uploads\/2019\/01\/21_Cartagena-300x225.jpg 300w, https:\/\/sy-mora.de\/wp-content\/uploads\/2019\/01\/21_Cartagena-768x576.jpg 768w, https:\/\/sy-mora.de\/wp-content\/uploads\/2019\/01\/21_Cartagena-1024x768.jpg 1024w, https:\/\/sy-mora.de\/wp-content\/uploads\/2019\/01\/21_Cartagena-624x468.jpg 624w\" sizes=\"auto, (max-width: 1280px) 100vw, 1280px\" \/><p id=\"caption-attachment-3495\" class=\"wp-caption-text\">Insel Bar<\/p><\/div>\n<div id=\"attachment_3496\" style=\"width: 1290px\" class=\"wp-caption alignleft\"><img loading=\"lazy\" decoding=\"async\" aria-describedby=\"caption-attachment-3496\" class=\"size-full wp-image-3496\" src=\"https:\/\/sy-mora.de\/wp-content\/uploads\/2019\/01\/22_Cartagena.jpg\" alt=\"\" width=\"1280\" height=\"960\" srcset=\"https:\/\/sy-mora.de\/wp-content\/uploads\/2019\/01\/22_Cartagena.jpg 1280w, https:\/\/sy-mora.de\/wp-content\/uploads\/2019\/01\/22_Cartagena-300x225.jpg 300w, https:\/\/sy-mora.de\/wp-content\/uploads\/2019\/01\/22_Cartagena-768x576.jpg 768w, https:\/\/sy-mora.de\/wp-content\/uploads\/2019\/01\/22_Cartagena-1024x768.jpg 1024w, https:\/\/sy-mora.de\/wp-content\/uploads\/2019\/01\/22_Cartagena-624x468.jpg 624w\" sizes=\"auto, (max-width: 1280px) 100vw, 1280px\" \/><p id=\"caption-attachment-3496\" class=\"wp-caption-text\">Speisekarte<\/p><\/div>\n<div id=\"attachment_3497\" style=\"width: 1290px\" class=\"wp-caption alignleft\"><img loading=\"lazy\" decoding=\"async\" aria-describedby=\"caption-attachment-3497\" class=\"size-full wp-image-3497\" src=\"https:\/\/sy-mora.de\/wp-content\/uploads\/2019\/01\/23_Cartagena.jpg\" alt=\"\" width=\"1280\" height=\"960\" srcset=\"https:\/\/sy-mora.de\/wp-content\/uploads\/2019\/01\/23_Cartagena.jpg 1280w, https:\/\/sy-mora.de\/wp-content\/uploads\/2019\/01\/23_Cartagena-300x225.jpg 300w, https:\/\/sy-mora.de\/wp-content\/uploads\/2019\/01\/23_Cartagena-768x576.jpg 768w, https:\/\/sy-mora.de\/wp-content\/uploads\/2019\/01\/23_Cartagena-1024x768.jpg 1024w, https:\/\/sy-mora.de\/wp-content\/uploads\/2019\/01\/23_Cartagena-624x468.jpg 624w\" sizes=\"auto, (max-width: 1280px) 100vw, 1280px\" \/><p id=\"caption-attachment-3497\" class=\"wp-caption-text\">Maracuj\u00e1 Jugo con Pool<\/p><\/div>\n<div id=\"attachment_3498\" style=\"width: 1290px\" class=\"wp-caption alignleft\"><img loading=\"lazy\" decoding=\"async\" aria-describedby=\"caption-attachment-3498\" class=\"size-full wp-image-3498\" src=\"https:\/\/sy-mora.de\/wp-content\/uploads\/2019\/01\/24_Cartagena.jpg\" alt=\"\" width=\"1280\" height=\"960\" srcset=\"https:\/\/sy-mora.de\/wp-content\/uploads\/2019\/01\/24_Cartagena.jpg 1280w, https:\/\/sy-mora.de\/wp-content\/uploads\/2019\/01\/24_Cartagena-300x225.jpg 300w, https:\/\/sy-mora.de\/wp-content\/uploads\/2019\/01\/24_Cartagena-768x576.jpg 768w, https:\/\/sy-mora.de\/wp-content\/uploads\/2019\/01\/24_Cartagena-1024x768.jpg 1024w, https:\/\/sy-mora.de\/wp-content\/uploads\/2019\/01\/24_Cartagena-624x468.jpg 624w\" sizes=\"auto, (max-width: 1280px) 100vw, 1280px\" \/><p id=\"caption-attachment-3498\" class=\"wp-caption-text\">Kokosnuss J\u00e4ger mit Troph\u00e4e<\/p><\/div>\n","protected":false},"excerpt":{"rendered":"<p>04.01.2019 bis 18.01.2019 Am Morgen des 04.Januar setzten wir die Segel zu unserem n\u00e4chsten Ziel in Kolumbien. Cartagena de Indias. Die Strecke betr\u00e4gt von Santa Marta ca 110 Seemeilen. Wir wollten an Tag eins erst einmal an der M\u00fcndung des Rio Magdalena vorbei bis Puerto Valero und dann an Tag zwei die restliche 55 Meilen [&hellip;]<\/p>\n","protected":false},"author":3,"featured_media":3480,"comment_status":"open","ping_status":"closed","sticky":false,"template":"","format":"standard","meta":{"footnotes":""},"categories":[35,36],"tags":[],"class_list":["post-3500","post","type-post","status-publish","format-standard","has-post-thumbnail","hentry","category-kolumbien","category-saison-2019"],"_links":{"self":[{"href":"https:\/\/sy-mora.de\/index.php?rest_route=\/wp\/v2\/posts\/3500","targetHints":{"allow":["GET"]}}],"collection":[{"href":"https:\/\/sy-mora.de\/index.php?rest_route=\/wp\/v2\/posts"}],"about":[{"href":"https:\/\/sy-mora.de\/index.php?rest_route=\/wp\/v2\/types\/post"}],"author":[{"embeddable":true,"href":"https:\/\/sy-mora.de\/index.php?rest_route=\/wp\/v2\/users\/3"}],"replies":[{"embeddable":true,"href":"https:\/\/sy-mora.de\/index.php?rest_route=%2Fwp%2Fv2%2Fcomments&post=3500"}],"version-history":[{"count":9,"href":"https:\/\/sy-mora.de\/index.php?rest_route=\/wp\/v2\/posts\/3500\/revisions"}],"predecessor-version":[{"id":3509,"href":"https:\/\/sy-mora.de\/index.php?rest_route=\/wp\/v2\/posts\/3500\/revisions\/3509"}],"wp:featuredmedia":[{"embeddable":true,"href":"https:\/\/sy-mora.de\/index.php?rest_route=\/wp\/v2\/media\/3480"}],"wp:attachment":[{"href":"https:\/\/sy-mora.de\/index.php?rest_route=%2Fwp%2Fv2%2Fmedia&parent=3500"}],"wp:term":[{"taxonomy":"category","embeddable":true,"href":"https:\/\/sy-mora.de\/index.php?rest_route=%2Fwp%2Fv2%2Fcategories&post=3500"},{"taxonomy":"post_tag","embeddable":true,"href":"https:\/\/sy-mora.de\/index.php?rest_route=%2Fwp%2Fv2%2Ftags&post=3500"}],"curies":[{"name":"wp","href":"https:\/\/api.w.org\/{rel}","templated":true}]}}