{"id":3945,"date":"2019-07-21T23:50:41","date_gmt":"2019-07-21T22:50:41","guid":{"rendered":"http:\/\/sy-mora.de\/?p=3945"},"modified":"2019-07-22T00:46:01","modified_gmt":"2019-07-21T23:46:01","slug":"isla-faial","status":"publish","type":"post","link":"https:\/\/sy-mora.de\/?p=3945","title":{"rendered":"Isla Faial &#8211; Azoren"},"content":{"rendered":"<p>13.07.2019 bis 19.07.2019<\/p>\n<p>Es gibt 3 Dinge die ein jeder Segler nach einer Transatlantikrunde oder nach einer Weltumsegelung tun sollte; nach Horta segeln -das liegt sowie so auf dem Weg-<br \/>\nIm Peter Cafe Sport ein Bier trinken und ein Bild auf die Kaimauer malen.<\/p>\n<p>Nachdem wir die beschauliche und gem\u00fctliche Isla del Flores ausgiebig genossen hatten setzten wir Segel zu der Insel Faial um die oben genannten 3 Dinge zu erledigen.<br \/>\nDie 130 sm hatten wir mit gutem Wind recht schnell hinter uns gebracht und am Samstag, den 13.7. morgens um 10 Uhr lagen wir am Steg in der gro\u00dfen Marina von Horta.<br \/>\nWas f\u00fcr ein Unterschied zu Flores: hier war es quirlig und lebhaft. Es gibt viele Kaffee\u2018s und Kneipen. Die Superm\u00e4rkte sind gut gef\u00fcllt und fu\u00dfl\u00e4ufig zu erreichen. Unsere Gasflasche konnten wir auff\u00fcllen lassen und es gibt allen erdenklichen Reparaturservice f\u00fcrs Schiff. Aber au\u00dfer einer Gastlandflagge speziell f\u00fcr die Azoren brauchten wir nichts.<br \/>\nAm Dienstag, den 16.7. organisierte Ralph einen Leihwagen f\u00fcr 50 \u20ac, sodass wir die Insel erkunden und eine sch\u00f6ne Wanderung rund um die gro\u00dfe Caldeira in der Inselmitte unternehmen konnten. Der Krater hat einen Umfang von ca. 8 km und der Weg f\u00fchrt am Kraterrand entlang. Es gibt herrliche Ausblicke in die 400 Meter tiefer liegende Kratersohle , die mittlerweile, 400.000 Jahren nach dem letzten Ausbruch, mit vielen Pflanzen und Blumen bewachsen ist. Die Ausblicke in das weitl\u00e4ufige Umland sind nicht weniger imposant. F\u00fcr die Wanderung brauchten wir mit Fotostopps und Ausblicke genie\u00dfen 2,5 Stunden. Es lohnte sich.<br \/>\nDie ganzen Azoreninseln sind vulkanischen Ursprungs und so liegt ein Museumsbesuch \u00fcber Vulkane auf dem Tagesprogramm. Auf Faial kann man sich im Museum am Ponta dos Capelinhos \u00fcber Vulkane im Allgemeinen und \u00fcber den Ausbruch des Capelinhos in den Jahren 1957\/1958 informieren. Das Museum ist interessant gestaltet, besonderes dadurch das der letzte Ausbruch gerade mal 60 Jahre her ist und man den neuen Teil der Insel gut erkennen kann.<br \/>\nF\u00fcr den letzten Tag auf der Insel machten wir einen Ausflug mit der F\u00e4hre zur Nachbarinsel Pico. Leider war es an diesem Tag sehr bew\u00f6lkt, sodass wir den h\u00f6chsten Berg Portugals mit 2.351 Meter nicht von dieser Insel aus sehen konnten. Wir nahmen einen Bus um nach Lajes do Pico zu kommen. Dort gibt es ein Walfangmuseum. Heute werden, Gott sei Dank, nur noch Walbeobachtungen angeboten und daran k\u00f6nnen die Inselbewohner viel mehr Geld verdienen.<br \/>\nNach einer Woche ging es f\u00fcr uns weiter zur n\u00e4chsten Insel S\u00e3o Jorge. Nat\u00fcrlich waren wir im Peter Cafe Sport und Ralph hat ein Bild auf die Kaimauer gemalt.<\/p>\n<p>Mehr \u00fcber unsere n\u00e4chste Azoreninsel im n\u00e4chsten Beitrag<\/p>\n<div id=\"attachment_3950\" style=\"width: 1290px\" class=\"wp-caption alignleft\"><img loading=\"lazy\" decoding=\"async\" aria-describedby=\"caption-attachment-3950\" class=\"size-full wp-image-3950\" src=\"https:\/\/sy-mora.de\/wp-content\/uploads\/2019\/07\/1_Faial.jpg\" alt=\"\" width=\"1280\" height=\"960\" srcset=\"https:\/\/sy-mora.de\/wp-content\/uploads\/2019\/07\/1_Faial.jpg 1280w, https:\/\/sy-mora.de\/wp-content\/uploads\/2019\/07\/1_Faial-300x225.jpg 300w, https:\/\/sy-mora.de\/wp-content\/uploads\/2019\/07\/1_Faial-768x576.jpg 768w, https:\/\/sy-mora.de\/wp-content\/uploads\/2019\/07\/1_Faial-1024x768.jpg 1024w, https:\/\/sy-mora.de\/wp-content\/uploads\/2019\/07\/1_Faial-624x468.jpg 624w\" sizes=\"auto, (max-width: 1280px) 100vw, 1280px\" \/><p id=\"caption-attachment-3950\" class=\"wp-caption-text\">gleich am Abend unserer Ankunft besuchten wir das wohl bekannteste Cafe in Seglerkreisen; das \u00fcber 100 Jahre alte Peter Cafe Sport<\/p><\/div>\n<div id=\"attachment_3951\" style=\"width: 1290px\" class=\"wp-caption alignleft\"><img loading=\"lazy\" decoding=\"async\" aria-describedby=\"caption-attachment-3951\" class=\"size-full wp-image-3951\" src=\"https:\/\/sy-mora.de\/wp-content\/uploads\/2019\/07\/2_Faial.jpg\" alt=\"\" width=\"1280\" height=\"960\" srcset=\"https:\/\/sy-mora.de\/wp-content\/uploads\/2019\/07\/2_Faial.jpg 1280w, https:\/\/sy-mora.de\/wp-content\/uploads\/2019\/07\/2_Faial-300x225.jpg 300w, https:\/\/sy-mora.de\/wp-content\/uploads\/2019\/07\/2_Faial-768x576.jpg 768w, https:\/\/sy-mora.de\/wp-content\/uploads\/2019\/07\/2_Faial-1024x768.jpg 1024w, https:\/\/sy-mora.de\/wp-content\/uploads\/2019\/07\/2_Faial-624x468.jpg 624w\" sizes=\"auto, (max-width: 1280px) 100vw, 1280px\" \/><p id=\"caption-attachment-3951\" class=\"wp-caption-text\">Wimpel und Stander aus aller Herren L\u00e4nder Ziehren Decken und W\u00e4nde<\/p><\/div>\n<p><img loading=\"lazy\" decoding=\"async\" class=\"alignleft size-full wp-image-3982\" src=\"https:\/\/sy-mora.de\/wp-content\/uploads\/2019\/07\/4_Faial.jpg\" alt=\"\" width=\"1280\" height=\"960\" srcset=\"https:\/\/sy-mora.de\/wp-content\/uploads\/2019\/07\/4_Faial.jpg 1280w, https:\/\/sy-mora.de\/wp-content\/uploads\/2019\/07\/4_Faial-300x225.jpg 300w, https:\/\/sy-mora.de\/wp-content\/uploads\/2019\/07\/4_Faial-768x576.jpg 768w, https:\/\/sy-mora.de\/wp-content\/uploads\/2019\/07\/4_Faial-1024x768.jpg 1024w, https:\/\/sy-mora.de\/wp-content\/uploads\/2019\/07\/4_Faial-624x468.jpg 624w\" sizes=\"auto, (max-width: 1280px) 100vw, 1280px\" \/> <img loading=\"lazy\" decoding=\"async\" class=\"alignleft size-full wp-image-3983\" src=\"https:\/\/sy-mora.de\/wp-content\/uploads\/2019\/07\/3_Faial.jpg\" alt=\"\" width=\"1280\" height=\"960\" srcset=\"https:\/\/sy-mora.de\/wp-content\/uploads\/2019\/07\/3_Faial.jpg 1280w, https:\/\/sy-mora.de\/wp-content\/uploads\/2019\/07\/3_Faial-300x225.jpg 300w, https:\/\/sy-mora.de\/wp-content\/uploads\/2019\/07\/3_Faial-768x576.jpg 768w, https:\/\/sy-mora.de\/wp-content\/uploads\/2019\/07\/3_Faial-1024x768.jpg 1024w, https:\/\/sy-mora.de\/wp-content\/uploads\/2019\/07\/3_Faial-624x468.jpg 624w\" sizes=\"auto, (max-width: 1280px) 100vw, 1280px\" \/><\/p>\n<div id=\"attachment_3952\" style=\"width: 1290px\" class=\"wp-caption alignleft\"><img loading=\"lazy\" decoding=\"async\" aria-describedby=\"caption-attachment-3952\" class=\"size-full wp-image-3952\" src=\"https:\/\/sy-mora.de\/wp-content\/uploads\/2019\/07\/5_Faial.jpg\" alt=\"\" width=\"1280\" height=\"719\" srcset=\"https:\/\/sy-mora.de\/wp-content\/uploads\/2019\/07\/5_Faial.jpg 1280w, https:\/\/sy-mora.de\/wp-content\/uploads\/2019\/07\/5_Faial-300x169.jpg 300w, https:\/\/sy-mora.de\/wp-content\/uploads\/2019\/07\/5_Faial-768x431.jpg 768w, https:\/\/sy-mora.de\/wp-content\/uploads\/2019\/07\/5_Faial-1024x575.jpg 1024w, https:\/\/sy-mora.de\/wp-content\/uploads\/2019\/07\/5_Faial-624x351.jpg 624w\" sizes=\"auto, (max-width: 1280px) 100vw, 1280px\" \/><p id=\"caption-attachment-3952\" class=\"wp-caption-text\">Horta ist um einiges gr\u00f6\u00dfer als Santa Cruz auf Flores<\/p><\/div>\n<div id=\"attachment_3953\" style=\"width: 1290px\" class=\"wp-caption alignleft\"><img loading=\"lazy\" decoding=\"async\" aria-describedby=\"caption-attachment-3953\" class=\"size-full wp-image-3953\" src=\"https:\/\/sy-mora.de\/wp-content\/uploads\/2019\/07\/6_Faial.jpg\" alt=\"\" width=\"1280\" height=\"719\" srcset=\"https:\/\/sy-mora.de\/wp-content\/uploads\/2019\/07\/6_Faial.jpg 1280w, https:\/\/sy-mora.de\/wp-content\/uploads\/2019\/07\/6_Faial-300x169.jpg 300w, https:\/\/sy-mora.de\/wp-content\/uploads\/2019\/07\/6_Faial-768x431.jpg 768w, https:\/\/sy-mora.de\/wp-content\/uploads\/2019\/07\/6_Faial-1024x575.jpg 1024w, https:\/\/sy-mora.de\/wp-content\/uploads\/2019\/07\/6_Faial-624x351.jpg 624w\" sizes=\"auto, (max-width: 1280px) 100vw, 1280px\" \/><p id=\"caption-attachment-3953\" class=\"wp-caption-text\">dies ist eine Walbeobachtungs Station, fr\u00fcher f\u00fcr die Walf\u00e4nger und heute f\u00fcr die Touristen im Gebrauch<\/p><\/div>\n<div id=\"attachment_3954\" style=\"width: 1290px\" class=\"wp-caption alignleft\"><img loading=\"lazy\" decoding=\"async\" aria-describedby=\"caption-attachment-3954\" class=\"size-full wp-image-3954\" src=\"https:\/\/sy-mora.de\/wp-content\/uploads\/2019\/07\/7_Faial.jpg\" alt=\"\" width=\"1280\" height=\"719\" srcset=\"https:\/\/sy-mora.de\/wp-content\/uploads\/2019\/07\/7_Faial.jpg 1280w, https:\/\/sy-mora.de\/wp-content\/uploads\/2019\/07\/7_Faial-300x169.jpg 300w, https:\/\/sy-mora.de\/wp-content\/uploads\/2019\/07\/7_Faial-768x431.jpg 768w, https:\/\/sy-mora.de\/wp-content\/uploads\/2019\/07\/7_Faial-1024x575.jpg 1024w, https:\/\/sy-mora.de\/wp-content\/uploads\/2019\/07\/7_Faial-624x351.jpg 624w\" sizes=\"auto, (max-width: 1280px) 100vw, 1280px\" \/><p id=\"caption-attachment-3954\" class=\"wp-caption-text\">kein Wal in Sicht&#8230; \ud83d\ude41<\/p><\/div>\n<div id=\"attachment_3955\" style=\"width: 1290px\" class=\"wp-caption alignleft\"><img loading=\"lazy\" decoding=\"async\" aria-describedby=\"caption-attachment-3955\" class=\"size-full wp-image-3955\" src=\"https:\/\/sy-mora.de\/wp-content\/uploads\/2019\/07\/8_Faial.jpg\" alt=\"\" width=\"1280\" height=\"719\" srcset=\"https:\/\/sy-mora.de\/wp-content\/uploads\/2019\/07\/8_Faial.jpg 1280w, https:\/\/sy-mora.de\/wp-content\/uploads\/2019\/07\/8_Faial-300x169.jpg 300w, https:\/\/sy-mora.de\/wp-content\/uploads\/2019\/07\/8_Faial-768x431.jpg 768w, https:\/\/sy-mora.de\/wp-content\/uploads\/2019\/07\/8_Faial-1024x575.jpg 1024w, https:\/\/sy-mora.de\/wp-content\/uploads\/2019\/07\/8_Faial-624x351.jpg 624w\" sizes=\"auto, (max-width: 1280px) 100vw, 1280px\" \/><p id=\"caption-attachment-3955\" class=\"wp-caption-text\">im Gegensatz zu Flores gibt es auf Fatal mehr Flachland<\/p><\/div>\n<div id=\"attachment_3956\" style=\"width: 1290px\" class=\"wp-caption alignleft\"><img loading=\"lazy\" decoding=\"async\" aria-describedby=\"caption-attachment-3956\" class=\"size-full wp-image-3956\" src=\"https:\/\/sy-mora.de\/wp-content\/uploads\/2019\/07\/9_Faial.jpg\" alt=\"\" width=\"1280\" height=\"719\" srcset=\"https:\/\/sy-mora.de\/wp-content\/uploads\/2019\/07\/9_Faial.jpg 1280w, https:\/\/sy-mora.de\/wp-content\/uploads\/2019\/07\/9_Faial-300x169.jpg 300w, https:\/\/sy-mora.de\/wp-content\/uploads\/2019\/07\/9_Faial-768x431.jpg 768w, https:\/\/sy-mora.de\/wp-content\/uploads\/2019\/07\/9_Faial-1024x575.jpg 1024w, https:\/\/sy-mora.de\/wp-content\/uploads\/2019\/07\/9_Faial-624x351.jpg 624w\" sizes=\"auto, (max-width: 1280px) 100vw, 1280px\" \/><p id=\"caption-attachment-3956\" class=\"wp-caption-text\">aber uns zieht es auf die Spitze der Insel bzw. zum Kraterrand<\/p><\/div>\n<div id=\"attachment_3957\" style=\"width: 1290px\" class=\"wp-caption alignleft\"><img loading=\"lazy\" decoding=\"async\" aria-describedby=\"caption-attachment-3957\" class=\"size-full wp-image-3957\" src=\"https:\/\/sy-mora.de\/wp-content\/uploads\/2019\/07\/10_Faial.jpg\" alt=\"\" width=\"1280\" height=\"719\" srcset=\"https:\/\/sy-mora.de\/wp-content\/uploads\/2019\/07\/10_Faial.jpg 1280w, https:\/\/sy-mora.de\/wp-content\/uploads\/2019\/07\/10_Faial-300x169.jpg 300w, https:\/\/sy-mora.de\/wp-content\/uploads\/2019\/07\/10_Faial-768x431.jpg 768w, https:\/\/sy-mora.de\/wp-content\/uploads\/2019\/07\/10_Faial-1024x575.jpg 1024w, https:\/\/sy-mora.de\/wp-content\/uploads\/2019\/07\/10_Faial-624x351.jpg 624w\" sizes=\"auto, (max-width: 1280px) 100vw, 1280px\" \/><p id=\"caption-attachment-3957\" class=\"wp-caption-text\">der Wanderweg geht immer am Kraterrand entlang<\/p><\/div>\n<p><img loading=\"lazy\" decoding=\"async\" class=\"alignleft size-full wp-image-3958\" src=\"https:\/\/sy-mora.de\/wp-content\/uploads\/2019\/07\/11_Faial.jpg\" alt=\"\" width=\"1280\" height=\"960\" srcset=\"https:\/\/sy-mora.de\/wp-content\/uploads\/2019\/07\/11_Faial.jpg 1280w, https:\/\/sy-mora.de\/wp-content\/uploads\/2019\/07\/11_Faial-300x225.jpg 300w, https:\/\/sy-mora.de\/wp-content\/uploads\/2019\/07\/11_Faial-768x576.jpg 768w, https:\/\/sy-mora.de\/wp-content\/uploads\/2019\/07\/11_Faial-1024x768.jpg 1024w, https:\/\/sy-mora.de\/wp-content\/uploads\/2019\/07\/11_Faial-624x468.jpg 624w\" sizes=\"auto, (max-width: 1280px) 100vw, 1280px\" \/> <img loading=\"lazy\" decoding=\"async\" class=\"alignleft size-full wp-image-3959\" src=\"https:\/\/sy-mora.de\/wp-content\/uploads\/2019\/07\/12_Faial.jpg\" alt=\"\" width=\"1280\" height=\"960\" srcset=\"https:\/\/sy-mora.de\/wp-content\/uploads\/2019\/07\/12_Faial.jpg 1280w, https:\/\/sy-mora.de\/wp-content\/uploads\/2019\/07\/12_Faial-300x225.jpg 300w, https:\/\/sy-mora.de\/wp-content\/uploads\/2019\/07\/12_Faial-768x576.jpg 768w, https:\/\/sy-mora.de\/wp-content\/uploads\/2019\/07\/12_Faial-1024x768.jpg 1024w, https:\/\/sy-mora.de\/wp-content\/uploads\/2019\/07\/12_Faial-624x468.jpg 624w\" sizes=\"auto, (max-width: 1280px) 100vw, 1280px\" \/> <img loading=\"lazy\" decoding=\"async\" class=\"alignleft size-full wp-image-3960\" src=\"https:\/\/sy-mora.de\/wp-content\/uploads\/2019\/07\/13_Faial.jpg\" alt=\"\" width=\"1280\" height=\"719\" srcset=\"https:\/\/sy-mora.de\/wp-content\/uploads\/2019\/07\/13_Faial.jpg 1280w, https:\/\/sy-mora.de\/wp-content\/uploads\/2019\/07\/13_Faial-300x169.jpg 300w, https:\/\/sy-mora.de\/wp-content\/uploads\/2019\/07\/13_Faial-768x431.jpg 768w, https:\/\/sy-mora.de\/wp-content\/uploads\/2019\/07\/13_Faial-1024x575.jpg 1024w, https:\/\/sy-mora.de\/wp-content\/uploads\/2019\/07\/13_Faial-624x351.jpg 624w\" sizes=\"auto, (max-width: 1280px) 100vw, 1280px\" \/><\/p>\n<div id=\"attachment_3961\" style=\"width: 1290px\" class=\"wp-caption alignleft\"><img loading=\"lazy\" decoding=\"async\" aria-describedby=\"caption-attachment-3961\" class=\"size-full wp-image-3961\" src=\"https:\/\/sy-mora.de\/wp-content\/uploads\/2019\/07\/14_Faial.jpg\" alt=\"\" width=\"1280\" height=\"719\" srcset=\"https:\/\/sy-mora.de\/wp-content\/uploads\/2019\/07\/14_Faial.jpg 1280w, https:\/\/sy-mora.de\/wp-content\/uploads\/2019\/07\/14_Faial-300x169.jpg 300w, https:\/\/sy-mora.de\/wp-content\/uploads\/2019\/07\/14_Faial-768x431.jpg 768w, https:\/\/sy-mora.de\/wp-content\/uploads\/2019\/07\/14_Faial-1024x575.jpg 1024w, https:\/\/sy-mora.de\/wp-content\/uploads\/2019\/07\/14_Faial-624x351.jpg 624w\" sizes=\"auto, (max-width: 1280px) 100vw, 1280px\" \/><p id=\"caption-attachment-3961\" class=\"wp-caption-text\">hier ist im Westen der Insel das unterirdische Museum \u00fcber Vulkane angelegt<\/p><\/div>\n<div id=\"attachment_3962\" style=\"width: 1290px\" class=\"wp-caption alignleft\"><img loading=\"lazy\" decoding=\"async\" aria-describedby=\"caption-attachment-3962\" class=\"size-full wp-image-3962\" src=\"https:\/\/sy-mora.de\/wp-content\/uploads\/2019\/07\/15_Faial.jpg\" alt=\"\" width=\"1280\" height=\"719\" srcset=\"https:\/\/sy-mora.de\/wp-content\/uploads\/2019\/07\/15_Faial.jpg 1280w, https:\/\/sy-mora.de\/wp-content\/uploads\/2019\/07\/15_Faial-300x169.jpg 300w, https:\/\/sy-mora.de\/wp-content\/uploads\/2019\/07\/15_Faial-768x431.jpg 768w, https:\/\/sy-mora.de\/wp-content\/uploads\/2019\/07\/15_Faial-1024x575.jpg 1024w, https:\/\/sy-mora.de\/wp-content\/uploads\/2019\/07\/15_Faial-624x351.jpg 624w\" sizes=\"auto, (max-width: 1280px) 100vw, 1280px\" \/><p id=\"caption-attachment-3962\" class=\"wp-caption-text\">die Eingangshalle ist beeindruckend und das Museum liefert geballtes Wissen \u00fcber Vulkane und besonders \u00fcber die verschiedenen Ausbr\u00fcche auf den Azoren sowie die Folgen f\u00fcr die Bev\u00f6lkerung<\/p><\/div>\n<div id=\"attachment_3963\" style=\"width: 1290px\" class=\"wp-caption alignleft\"><img loading=\"lazy\" decoding=\"async\" aria-describedby=\"caption-attachment-3963\" class=\"size-full wp-image-3963\" src=\"https:\/\/sy-mora.de\/wp-content\/uploads\/2019\/07\/16_Faial.jpg\" alt=\"\" width=\"1280\" height=\"719\" srcset=\"https:\/\/sy-mora.de\/wp-content\/uploads\/2019\/07\/16_Faial.jpg 1280w, https:\/\/sy-mora.de\/wp-content\/uploads\/2019\/07\/16_Faial-300x169.jpg 300w, https:\/\/sy-mora.de\/wp-content\/uploads\/2019\/07\/16_Faial-768x431.jpg 768w, https:\/\/sy-mora.de\/wp-content\/uploads\/2019\/07\/16_Faial-1024x575.jpg 1024w, https:\/\/sy-mora.de\/wp-content\/uploads\/2019\/07\/16_Faial-624x351.jpg 624w\" sizes=\"auto, (max-width: 1280px) 100vw, 1280px\" \/><p id=\"caption-attachment-3963\" class=\"wp-caption-text\">hier ist beim Ausbruch 1957\/1958 die Insel um ein paar hundert Meter gewachsen<\/p><\/div>\n<div id=\"attachment_3964\" style=\"width: 1290px\" class=\"wp-caption alignleft\"><img loading=\"lazy\" decoding=\"async\" aria-describedby=\"caption-attachment-3964\" class=\"size-full wp-image-3964\" src=\"https:\/\/sy-mora.de\/wp-content\/uploads\/2019\/07\/17_Faial.jpg\" alt=\"\" width=\"1280\" height=\"719\" srcset=\"https:\/\/sy-mora.de\/wp-content\/uploads\/2019\/07\/17_Faial.jpg 1280w, https:\/\/sy-mora.de\/wp-content\/uploads\/2019\/07\/17_Faial-300x169.jpg 300w, https:\/\/sy-mora.de\/wp-content\/uploads\/2019\/07\/17_Faial-768x431.jpg 768w, https:\/\/sy-mora.de\/wp-content\/uploads\/2019\/07\/17_Faial-1024x575.jpg 1024w, https:\/\/sy-mora.de\/wp-content\/uploads\/2019\/07\/17_Faial-624x351.jpg 624w\" sizes=\"auto, (max-width: 1280px) 100vw, 1280px\" \/><p id=\"caption-attachment-3964\" class=\"wp-caption-text\">der untere Bereich des Leuchtturms wurde zum Teil durch den Ascheregen versch\u00fcttet<\/p><\/div>\n<div id=\"attachment_3965\" style=\"width: 1290px\" class=\"wp-caption alignleft\"><img loading=\"lazy\" decoding=\"async\" aria-describedby=\"caption-attachment-3965\" class=\"size-full wp-image-3965\" src=\"https:\/\/sy-mora.de\/wp-content\/uploads\/2019\/07\/18_Faial.jpg\" alt=\"\" width=\"1280\" height=\"719\" srcset=\"https:\/\/sy-mora.de\/wp-content\/uploads\/2019\/07\/18_Faial.jpg 1280w, https:\/\/sy-mora.de\/wp-content\/uploads\/2019\/07\/18_Faial-300x169.jpg 300w, https:\/\/sy-mora.de\/wp-content\/uploads\/2019\/07\/18_Faial-768x431.jpg 768w, https:\/\/sy-mora.de\/wp-content\/uploads\/2019\/07\/18_Faial-1024x575.jpg 1024w, https:\/\/sy-mora.de\/wp-content\/uploads\/2019\/07\/18_Faial-624x351.jpg 624w\" sizes=\"auto, (max-width: 1280px) 100vw, 1280px\" \/><p id=\"caption-attachment-3965\" class=\"wp-caption-text\">die Asche Schicht ist schon beeindruckend<\/p><\/div>\n<p><img loading=\"lazy\" decoding=\"async\" class=\"alignleft size-full wp-image-3966\" src=\"https:\/\/sy-mora.de\/wp-content\/uploads\/2019\/07\/19_Faial.jpg\" alt=\"\" width=\"1280\" height=\"960\" srcset=\"https:\/\/sy-mora.de\/wp-content\/uploads\/2019\/07\/19_Faial.jpg 1280w, https:\/\/sy-mora.de\/wp-content\/uploads\/2019\/07\/19_Faial-300x225.jpg 300w, https:\/\/sy-mora.de\/wp-content\/uploads\/2019\/07\/19_Faial-768x576.jpg 768w, https:\/\/sy-mora.de\/wp-content\/uploads\/2019\/07\/19_Faial-1024x768.jpg 1024w, https:\/\/sy-mora.de\/wp-content\/uploads\/2019\/07\/19_Faial-624x468.jpg 624w\" sizes=\"auto, (max-width: 1280px) 100vw, 1280px\" \/><\/p>\n<div id=\"attachment_3967\" style=\"width: 1290px\" class=\"wp-caption alignleft\"><img loading=\"lazy\" decoding=\"async\" aria-describedby=\"caption-attachment-3967\" class=\"size-full wp-image-3967\" src=\"https:\/\/sy-mora.de\/wp-content\/uploads\/2019\/07\/20_Faial.jpg\" alt=\"\" width=\"1280\" height=\"960\" srcset=\"https:\/\/sy-mora.de\/wp-content\/uploads\/2019\/07\/20_Faial.jpg 1280w, https:\/\/sy-mora.de\/wp-content\/uploads\/2019\/07\/20_Faial-300x225.jpg 300w, https:\/\/sy-mora.de\/wp-content\/uploads\/2019\/07\/20_Faial-768x576.jpg 768w, https:\/\/sy-mora.de\/wp-content\/uploads\/2019\/07\/20_Faial-1024x768.jpg 1024w, https:\/\/sy-mora.de\/wp-content\/uploads\/2019\/07\/20_Faial-624x468.jpg 624w\" sizes=\"auto, (max-width: 1280px) 100vw, 1280px\" \/><p id=\"caption-attachment-3967\" class=\"wp-caption-text\">Hafenmauern in der Marina Horta<\/p><\/div>\n<div id=\"attachment_3968\" style=\"width: 1290px\" class=\"wp-caption alignleft\"><img loading=\"lazy\" decoding=\"async\" aria-describedby=\"caption-attachment-3968\" class=\"size-full wp-image-3968\" src=\"https:\/\/sy-mora.de\/wp-content\/uploads\/2019\/07\/21_Faial.jpg\" alt=\"\" width=\"1280\" height=\"960\" srcset=\"https:\/\/sy-mora.de\/wp-content\/uploads\/2019\/07\/21_Faial.jpg 1280w, https:\/\/sy-mora.de\/wp-content\/uploads\/2019\/07\/21_Faial-300x225.jpg 300w, https:\/\/sy-mora.de\/wp-content\/uploads\/2019\/07\/21_Faial-768x576.jpg 768w, https:\/\/sy-mora.de\/wp-content\/uploads\/2019\/07\/21_Faial-1024x768.jpg 1024w, https:\/\/sy-mora.de\/wp-content\/uploads\/2019\/07\/21_Faial-624x468.jpg 624w\" sizes=\"auto, (max-width: 1280px) 100vw, 1280px\" \/><p id=\"caption-attachment-3968\" class=\"wp-caption-text\">der K\u00fcnstler bei der Arbeit<\/p><\/div>\n<p><img loading=\"lazy\" decoding=\"async\" class=\"alignleft size-full wp-image-3969\" src=\"https:\/\/sy-mora.de\/wp-content\/uploads\/2019\/07\/22_Faial.jpg\" alt=\"\" width=\"1280\" height=\"1531\" srcset=\"https:\/\/sy-mora.de\/wp-content\/uploads\/2019\/07\/22_Faial.jpg 1280w, https:\/\/sy-mora.de\/wp-content\/uploads\/2019\/07\/22_Faial-251x300.jpg 251w, https:\/\/sy-mora.de\/wp-content\/uploads\/2019\/07\/22_Faial-768x919.jpg 768w, https:\/\/sy-mora.de\/wp-content\/uploads\/2019\/07\/22_Faial-856x1024.jpg 856w, https:\/\/sy-mora.de\/wp-content\/uploads\/2019\/07\/22_Faial-624x746.jpg 624w\" sizes=\"auto, (max-width: 1280px) 100vw, 1280px\" \/> <img loading=\"lazy\" decoding=\"async\" class=\"alignleft size-full wp-image-3970\" src=\"https:\/\/sy-mora.de\/wp-content\/uploads\/2019\/07\/23_Faial.jpg\" alt=\"\" width=\"1280\" height=\"1258\" srcset=\"https:\/\/sy-mora.de\/wp-content\/uploads\/2019\/07\/23_Faial.jpg 1280w, https:\/\/sy-mora.de\/wp-content\/uploads\/2019\/07\/23_Faial-300x295.jpg 300w, https:\/\/sy-mora.de\/wp-content\/uploads\/2019\/07\/23_Faial-768x755.jpg 768w, https:\/\/sy-mora.de\/wp-content\/uploads\/2019\/07\/23_Faial-1024x1006.jpg 1024w, https:\/\/sy-mora.de\/wp-content\/uploads\/2019\/07\/23_Faial-624x613.jpg 624w\" sizes=\"auto, (max-width: 1280px) 100vw, 1280px\" \/> <img loading=\"lazy\" decoding=\"async\" class=\"alignleft size-full wp-image-3971\" src=\"https:\/\/sy-mora.de\/wp-content\/uploads\/2019\/07\/24_Faial.jpg\" alt=\"\" width=\"1280\" height=\"1542\" srcset=\"https:\/\/sy-mora.de\/wp-content\/uploads\/2019\/07\/24_Faial.jpg 1280w, https:\/\/sy-mora.de\/wp-content\/uploads\/2019\/07\/24_Faial-249x300.jpg 249w, https:\/\/sy-mora.de\/wp-content\/uploads\/2019\/07\/24_Faial-768x925.jpg 768w, https:\/\/sy-mora.de\/wp-content\/uploads\/2019\/07\/24_Faial-850x1024.jpg 850w, https:\/\/sy-mora.de\/wp-content\/uploads\/2019\/07\/24_Faial-624x752.jpg 624w\" sizes=\"auto, (max-width: 1280px) 100vw, 1280px\" \/><\/p>\n<div id=\"attachment_3972\" style=\"width: 1290px\" class=\"wp-caption alignleft\"><img loading=\"lazy\" decoding=\"async\" aria-describedby=\"caption-attachment-3972\" class=\"size-full wp-image-3972\" src=\"https:\/\/sy-mora.de\/wp-content\/uploads\/2019\/07\/25_Faial.jpg\" alt=\"\" width=\"1280\" height=\"830\" srcset=\"https:\/\/sy-mora.de\/wp-content\/uploads\/2019\/07\/25_Faial.jpg 1280w, https:\/\/sy-mora.de\/wp-content\/uploads\/2019\/07\/25_Faial-300x195.jpg 300w, https:\/\/sy-mora.de\/wp-content\/uploads\/2019\/07\/25_Faial-768x498.jpg 768w, https:\/\/sy-mora.de\/wp-content\/uploads\/2019\/07\/25_Faial-1024x664.jpg 1024w, https:\/\/sy-mora.de\/wp-content\/uploads\/2019\/07\/25_Faial-624x405.jpg 624w\" sizes=\"auto, (max-width: 1280px) 100vw, 1280px\" \/><p id=\"caption-attachment-3972\" class=\"wp-caption-text\">einige der Crews kennen wir pers\u00f6nlich<\/p><\/div>\n<div id=\"attachment_3973\" style=\"width: 1290px\" class=\"wp-caption alignleft\"><img loading=\"lazy\" decoding=\"async\" aria-describedby=\"caption-attachment-3973\" class=\"size-full wp-image-3973\" src=\"https:\/\/sy-mora.de\/wp-content\/uploads\/2019\/07\/26_Faial.jpg\" alt=\"\" width=\"1280\" height=\"1048\" srcset=\"https:\/\/sy-mora.de\/wp-content\/uploads\/2019\/07\/26_Faial.jpg 1280w, https:\/\/sy-mora.de\/wp-content\/uploads\/2019\/07\/26_Faial-300x246.jpg 300w, https:\/\/sy-mora.de\/wp-content\/uploads\/2019\/07\/26_Faial-768x629.jpg 768w, https:\/\/sy-mora.de\/wp-content\/uploads\/2019\/07\/26_Faial-1024x838.jpg 1024w, https:\/\/sy-mora.de\/wp-content\/uploads\/2019\/07\/26_Faial-624x511.jpg 624w\" sizes=\"auto, (max-width: 1280px) 100vw, 1280px\" \/><p id=\"caption-attachment-3973\" class=\"wp-caption-text\">die Kunst liegt im Auge des Betrachters \ud83d\ude42 \ud83d\ude42 \ud83d\ude42<\/p><\/div>\n<p><img loading=\"lazy\" decoding=\"async\" class=\"alignleft size-full wp-image-3974\" src=\"https:\/\/sy-mora.de\/wp-content\/uploads\/2019\/07\/27_Pico.jpg\" alt=\"\" width=\"1280\" height=\"960\" srcset=\"https:\/\/sy-mora.de\/wp-content\/uploads\/2019\/07\/27_Pico.jpg 1280w, https:\/\/sy-mora.de\/wp-content\/uploads\/2019\/07\/27_Pico-300x225.jpg 300w, https:\/\/sy-mora.de\/wp-content\/uploads\/2019\/07\/27_Pico-768x576.jpg 768w, https:\/\/sy-mora.de\/wp-content\/uploads\/2019\/07\/27_Pico-1024x768.jpg 1024w, https:\/\/sy-mora.de\/wp-content\/uploads\/2019\/07\/27_Pico-624x468.jpg 624w\" sizes=\"auto, (max-width: 1280px) 100vw, 1280px\" \/><\/p>\n<div id=\"attachment_3975\" style=\"width: 1290px\" class=\"wp-caption alignleft\"><img loading=\"lazy\" decoding=\"async\" aria-describedby=\"caption-attachment-3975\" class=\"size-full wp-image-3975\" src=\"https:\/\/sy-mora.de\/wp-content\/uploads\/2019\/07\/28_Pico.jpg\" alt=\"\" width=\"1280\" height=\"960\" srcset=\"https:\/\/sy-mora.de\/wp-content\/uploads\/2019\/07\/28_Pico.jpg 1280w, https:\/\/sy-mora.de\/wp-content\/uploads\/2019\/07\/28_Pico-300x225.jpg 300w, https:\/\/sy-mora.de\/wp-content\/uploads\/2019\/07\/28_Pico-768x576.jpg 768w, https:\/\/sy-mora.de\/wp-content\/uploads\/2019\/07\/28_Pico-1024x768.jpg 1024w, https:\/\/sy-mora.de\/wp-content\/uploads\/2019\/07\/28_Pico-624x468.jpg 624w\" sizes=\"auto, (max-width: 1280px) 100vw, 1280px\" \/><p id=\"caption-attachment-3975\" class=\"wp-caption-text\">der Pico, der h\u00f6chste Berg Portugals auf der gleichnamigen Insel<\/p><\/div>\n<div id=\"attachment_3976\" style=\"width: 1290px\" class=\"wp-caption alignleft\"><img loading=\"lazy\" decoding=\"async\" aria-describedby=\"caption-attachment-3976\" class=\"size-full wp-image-3976\" src=\"https:\/\/sy-mora.de\/wp-content\/uploads\/2019\/07\/29_Pico.jpg\" alt=\"\" width=\"1280\" height=\"719\" srcset=\"https:\/\/sy-mora.de\/wp-content\/uploads\/2019\/07\/29_Pico.jpg 1280w, https:\/\/sy-mora.de\/wp-content\/uploads\/2019\/07\/29_Pico-300x169.jpg 300w, https:\/\/sy-mora.de\/wp-content\/uploads\/2019\/07\/29_Pico-768x431.jpg 768w, https:\/\/sy-mora.de\/wp-content\/uploads\/2019\/07\/29_Pico-1024x575.jpg 1024w, https:\/\/sy-mora.de\/wp-content\/uploads\/2019\/07\/29_Pico-624x351.jpg 624w\" sizes=\"auto, (max-width: 1280px) 100vw, 1280px\" \/><p id=\"caption-attachment-3976\" class=\"wp-caption-text\">von Bootsbau Lehrlingen nachgebautes Walfangboot<\/p><\/div>\n<div id=\"attachment_3977\" style=\"width: 1290px\" class=\"wp-caption alignleft\"><img loading=\"lazy\" decoding=\"async\" aria-describedby=\"caption-attachment-3977\" class=\"size-full wp-image-3977\" src=\"https:\/\/sy-mora.de\/wp-content\/uploads\/2019\/07\/30_Pico.jpg\" alt=\"\" width=\"1280\" height=\"719\" srcset=\"https:\/\/sy-mora.de\/wp-content\/uploads\/2019\/07\/30_Pico.jpg 1280w, https:\/\/sy-mora.de\/wp-content\/uploads\/2019\/07\/30_Pico-300x169.jpg 300w, https:\/\/sy-mora.de\/wp-content\/uploads\/2019\/07\/30_Pico-768x431.jpg 768w, https:\/\/sy-mora.de\/wp-content\/uploads\/2019\/07\/30_Pico-1024x575.jpg 1024w, https:\/\/sy-mora.de\/wp-content\/uploads\/2019\/07\/30_Pico-624x351.jpg 624w\" sizes=\"auto, (max-width: 1280px) 100vw, 1280px\" \/><p id=\"caption-attachment-3977\" class=\"wp-caption-text\">hiermit wurde der Wal harpuniert<\/p><\/div>\n<div id=\"attachment_3978\" style=\"width: 1290px\" class=\"wp-caption alignleft\"><img loading=\"lazy\" decoding=\"async\" aria-describedby=\"caption-attachment-3978\" class=\"size-full wp-image-3978\" src=\"https:\/\/sy-mora.de\/wp-content\/uploads\/2019\/07\/31_Pico.jpg\" alt=\"\" width=\"1280\" height=\"719\" srcset=\"https:\/\/sy-mora.de\/wp-content\/uploads\/2019\/07\/31_Pico.jpg 1280w, https:\/\/sy-mora.de\/wp-content\/uploads\/2019\/07\/31_Pico-300x169.jpg 300w, https:\/\/sy-mora.de\/wp-content\/uploads\/2019\/07\/31_Pico-768x431.jpg 768w, https:\/\/sy-mora.de\/wp-content\/uploads\/2019\/07\/31_Pico-1024x575.jpg 1024w, https:\/\/sy-mora.de\/wp-content\/uploads\/2019\/07\/31_Pico-624x351.jpg 624w\" sizes=\"auto, (max-width: 1280px) 100vw, 1280px\" \/><p id=\"caption-attachment-3978\" class=\"wp-caption-text\">Original Walfangboot, man beachte die Gr\u00f6\u00dfe des Unterkiefer eines Pottwals im Vordergrund<\/p><\/div>\n<p><img loading=\"lazy\" decoding=\"async\" class=\"alignleft size-full wp-image-3979\" src=\"https:\/\/sy-mora.de\/wp-content\/uploads\/2019\/07\/32_Pico.jpg\" alt=\"\" width=\"1280\" height=\"960\" srcset=\"https:\/\/sy-mora.de\/wp-content\/uploads\/2019\/07\/32_Pico.jpg 1280w, https:\/\/sy-mora.de\/wp-content\/uploads\/2019\/07\/32_Pico-300x225.jpg 300w, https:\/\/sy-mora.de\/wp-content\/uploads\/2019\/07\/32_Pico-768x576.jpg 768w, https:\/\/sy-mora.de\/wp-content\/uploads\/2019\/07\/32_Pico-1024x768.jpg 1024w, https:\/\/sy-mora.de\/wp-content\/uploads\/2019\/07\/32_Pico-624x468.jpg 624w\" sizes=\"auto, (max-width: 1280px) 100vw, 1280px\" \/><\/p>\n<div id=\"attachment_3980\" style=\"width: 1290px\" class=\"wp-caption alignleft\"><img loading=\"lazy\" decoding=\"async\" aria-describedby=\"caption-attachment-3980\" class=\"size-full wp-image-3980\" src=\"https:\/\/sy-mora.de\/wp-content\/uploads\/2019\/07\/33_Pico.jpg\" alt=\"\" width=\"1280\" height=\"960\" srcset=\"https:\/\/sy-mora.de\/wp-content\/uploads\/2019\/07\/33_Pico.jpg 1280w, https:\/\/sy-mora.de\/wp-content\/uploads\/2019\/07\/33_Pico-300x225.jpg 300w, https:\/\/sy-mora.de\/wp-content\/uploads\/2019\/07\/33_Pico-768x576.jpg 768w, https:\/\/sy-mora.de\/wp-content\/uploads\/2019\/07\/33_Pico-1024x768.jpg 1024w, https:\/\/sy-mora.de\/wp-content\/uploads\/2019\/07\/33_Pico-624x468.jpg 624w\" sizes=\"auto, (max-width: 1280px) 100vw, 1280px\" \/><p id=\"caption-attachment-3980\" class=\"wp-caption-text\">der Hauptgrund des Walfangs war das \u00d6l, aber auch die Knochen und Z\u00e4hne wurden verarbeitet<\/p><\/div>\n<div id=\"attachment_3981\" style=\"width: 1290px\" class=\"wp-caption alignleft\"><img loading=\"lazy\" decoding=\"async\" aria-describedby=\"caption-attachment-3981\" class=\"size-full wp-image-3981\" src=\"https:\/\/sy-mora.de\/wp-content\/uploads\/2019\/07\/34_Pico.jpg\" alt=\"\" width=\"1280\" height=\"859\" srcset=\"https:\/\/sy-mora.de\/wp-content\/uploads\/2019\/07\/34_Pico.jpg 1280w, https:\/\/sy-mora.de\/wp-content\/uploads\/2019\/07\/34_Pico-300x201.jpg 300w, https:\/\/sy-mora.de\/wp-content\/uploads\/2019\/07\/34_Pico-768x515.jpg 768w, https:\/\/sy-mora.de\/wp-content\/uploads\/2019\/07\/34_Pico-1024x687.jpg 1024w, https:\/\/sy-mora.de\/wp-content\/uploads\/2019\/07\/34_Pico-624x419.jpg 624w\" sizes=\"auto, (max-width: 1280px) 100vw, 1280px\" \/><p id=\"caption-attachment-3981\" class=\"wp-caption-text\">heute sind die Inseln der Azoren beliebt f\u00fcr die Beobachtung von Walen und Delfinen, und wem die 60 bis 70 \u20ac f\u00fcr eine Ausfahrt mit dem Boot zu viel sind, der findet hier eine g\u00fcnstige Alternative \ud83d\ude42<\/p><\/div>\n","protected":false},"excerpt":{"rendered":"<p>13.07.2019 bis 19.07.2019 Es gibt 3 Dinge die ein jeder Segler nach einer Transatlantikrunde oder nach einer Weltumsegelung tun sollte; nach Horta segeln -das liegt sowie so auf dem Weg- Im Peter Cafe Sport ein Bier trinken und ein Bild auf die Kaimauer malen. Nachdem wir die beschauliche und gem\u00fctliche Isla del Flores ausgiebig genossen [&hellip;]<\/p>\n","protected":false},"author":4,"featured_media":3949,"comment_status":"open","ping_status":"closed","sticky":false,"template":"","format":"standard","meta":{"footnotes":""},"categories":[41,13,36],"tags":[],"class_list":["post-3945","post","type-post","status-publish","format-standard","has-post-thumbnail","hentry","category-azoren","category-c","category-saison-2019"],"_links":{"self":[{"href":"https:\/\/sy-mora.de\/index.php?rest_route=\/wp\/v2\/posts\/3945","targetHints":{"allow":["GET"]}}],"collection":[{"href":"https:\/\/sy-mora.de\/index.php?rest_route=\/wp\/v2\/posts"}],"about":[{"href":"https:\/\/sy-mora.de\/index.php?rest_route=\/wp\/v2\/types\/post"}],"author":[{"embeddable":true,"href":"https:\/\/sy-mora.de\/index.php?rest_route=\/wp\/v2\/users\/4"}],"replies":[{"embeddable":true,"href":"https:\/\/sy-mora.de\/index.php?rest_route=%2Fwp%2Fv2%2Fcomments&post=3945"}],"version-history":[{"count":6,"href":"https:\/\/sy-mora.de\/index.php?rest_route=\/wp\/v2\/posts\/3945\/revisions"}],"predecessor-version":[{"id":3986,"href":"https:\/\/sy-mora.de\/index.php?rest_route=\/wp\/v2\/posts\/3945\/revisions\/3986"}],"wp:featuredmedia":[{"embeddable":true,"href":"https:\/\/sy-mora.de\/index.php?rest_route=\/wp\/v2\/media\/3949"}],"wp:attachment":[{"href":"https:\/\/sy-mora.de\/index.php?rest_route=%2Fwp%2Fv2%2Fmedia&parent=3945"}],"wp:term":[{"taxonomy":"category","embeddable":true,"href":"https:\/\/sy-mora.de\/index.php?rest_route=%2Fwp%2Fv2%2Fcategories&post=3945"},{"taxonomy":"post_tag","embeddable":true,"href":"https:\/\/sy-mora.de\/index.php?rest_route=%2Fwp%2Fv2%2Ftags&post=3945"}],"curies":[{"name":"wp","href":"https:\/\/api.w.org\/{rel}","templated":true}]}}