{"id":40,"date":"2015-01-02T16:11:00","date_gmt":"2015-01-02T15:11:00","guid":{"rendered":"http:\/\/sy-mora.de\/?p=40"},"modified":"2015-01-07T20:37:34","modified_gmt":"2015-01-07T19:37:34","slug":"test-2014","status":"publish","type":"post","link":"https:\/\/sy-mora.de\/?p=40","title":{"rendered":"Ausflug nach Gr\u00f6mitz"},"content":{"rendered":"<p>Gr\u00f6mitz<\/p>\n<p>Das lange Wochenende um Fronleichnam 2013 haben wir f\u00fcr unseren ersten T\u00f6rn auf eigenem Kiel nach der \u00dcberf\u00fchrung genutzt. Wir sind Freitag Mittag, bei leichtem Westwind, auf Fehmarn gestartet. Nach einer Stunde wurde der Wind immer weniger und wir mussten den Diesel bem\u00fchen. Es dauerte einige Zeit und der Wind nahm wieder zu. Die letzten 10 Meilen ging es mit knapp 7 kn in Richtung Gr\u00f6mitz. Schnell war ein Platz im noch recht leeren Hafen gefunden und ein erster Landausflug stand auf dem Programm. Der Ort ist sehr auf Touristen ausgerichtet und ideal zum bummeln und shoppen geeignet. Zur\u00fcck im Hafen gab es von der Fischbude noch einen Snack und der Abend konnte bei Wein und Ouzo ausklingen. Am n\u00e4chsten Morgen sind wir bei 15 \u2013 20 Knoten aus West wieder in Richtung Fehmarn gesegelt. Es war ein sehr sch\u00f6ner Tag mit passendem Wind und Sonne. W\u00e4hrend der Fahrt wurden wir leider Zeuge einer Seenotrettung. \u00dcber Funk wurde Bremen Rescue wegen einer im Wasser treibenden Schwimmweste gerufen. Nach geraumer Zeit war von 2 Anglern die Rede, welche in der letzten Nacht mit ihrem Schlauchboot verungl\u00fcckt sind. So schnell kann alles vorbei sein.<\/p>\n<p><img loading=\"lazy\" decoding=\"async\" class=\"alignleft size-large wp-image-210\" src=\"https:\/\/sy-mora.de\/wp-content\/uploads\/2015\/01\/Fehmarn-auf-der-Mora-011-1024x768.jpg\" alt=\"Fehmarn auf der Mora 011\" width=\"625\" height=\"469\" srcset=\"https:\/\/sy-mora.de\/wp-content\/uploads\/2015\/01\/Fehmarn-auf-der-Mora-011.jpg 1024w, https:\/\/sy-mora.de\/wp-content\/uploads\/2015\/01\/Fehmarn-auf-der-Mora-011-300x225.jpg 300w, https:\/\/sy-mora.de\/wp-content\/uploads\/2015\/01\/Fehmarn-auf-der-Mora-011-624x468.jpg 624w\" sizes=\"auto, (max-width: 625px) 100vw, 625px\" \/><\/p>\n","protected":false},"excerpt":{"rendered":"<p>Gr\u00f6mitz Das lange Wochenende um Fronleichnam 2013 haben wir f\u00fcr unseren ersten T\u00f6rn auf eigenem Kiel nach der \u00dcberf\u00fchrung genutzt. Wir sind Freitag Mittag, bei leichtem Westwind, auf Fehmarn gestartet. Nach einer Stunde wurde der Wind immer weniger und wir mussten den Diesel bem\u00fchen. Es dauerte einige Zeit und der Wind nahm wieder zu. Die [&hellip;]<\/p>\n","protected":false},"author":1,"featured_media":0,"comment_status":"open","ping_status":"closed","sticky":false,"template":"","format":"standard","meta":{"footnotes":""},"categories":[3],"tags":[],"class_list":["post-40","post","type-post","status-publish","format-standard","hentry","category-3"],"_links":{"self":[{"href":"https:\/\/sy-mora.de\/index.php?rest_route=\/wp\/v2\/posts\/40","targetHints":{"allow":["GET"]}}],"collection":[{"href":"https:\/\/sy-mora.de\/index.php?rest_route=\/wp\/v2\/posts"}],"about":[{"href":"https:\/\/sy-mora.de\/index.php?rest_route=\/wp\/v2\/types\/post"}],"author":[{"embeddable":true,"href":"https:\/\/sy-mora.de\/index.php?rest_route=\/wp\/v2\/users\/1"}],"replies":[{"embeddable":true,"href":"https:\/\/sy-mora.de\/index.php?rest_route=%2Fwp%2Fv2%2Fcomments&post=40"}],"version-history":[{"count":5,"href":"https:\/\/sy-mora.de\/index.php?rest_route=\/wp\/v2\/posts\/40\/revisions"}],"predecessor-version":[{"id":215,"href":"https:\/\/sy-mora.de\/index.php?rest_route=\/wp\/v2\/posts\/40\/revisions\/215"}],"wp:attachment":[{"href":"https:\/\/sy-mora.de\/index.php?rest_route=%2Fwp%2Fv2%2Fmedia&parent=40"}],"wp:term":[{"taxonomy":"category","embeddable":true,"href":"https:\/\/sy-mora.de\/index.php?rest_route=%2Fwp%2Fv2%2Fcategories&post=40"},{"taxonomy":"post_tag","embeddable":true,"href":"https:\/\/sy-mora.de\/index.php?rest_route=%2Fwp%2Fv2%2Ftags&post=40"}],"curies":[{"name":"wp","href":"https:\/\/api.w.org\/{rel}","templated":true}]}}