{"id":42,"date":"2015-01-02T16:11:22","date_gmt":"2015-01-02T15:11:22","guid":{"rendered":"http:\/\/sy-mora.de\/?p=42"},"modified":"2015-01-10T18:36:45","modified_gmt":"2015-01-10T17:36:45","slug":"winterarbeit-2015","status":"publish","type":"post","link":"https:\/\/sy-mora.de\/?p=42","title":{"rendered":"Sommert\u00f6rn nach Bornholm"},"content":{"rendered":"<p>06.07.2013 bis 13.07.2013<\/p>\n<p>Das erste Wochenende im Juli war in den letzten Jahren immer von viel Stress und Hektik gepr\u00e4gt. Schlie\u00dflich ist dies der Termin f\u00fcr den Start zur Warnem\u00fcnder Woche. Wir sind meistens mit einer auf Fehmarn gecharterten X-Yacht zur Langstrecke Rund Bornholm gestartet. Das erste Wochenende in Warnem\u00fcnde ging dann in der Regel f\u00fcr die letzten Vorbereitungen zum Regattastart drauf. In diesem Jahr sollte es nun ganz entspannt werden. Unsere Hallberg ist ja mehr ein Fahrtenschiff als\u00a0eine Rennziege. Also war der Plan in diesem Jahr zwar auch nach Bornholm aufzubrechen, aber das ganz in Ruhe, und sogar f\u00fcr einen Stopp auf der Insel sollte Zeit sein. Am Samstag gegen 17:00 Uhr sind wir gemeinsam mit Hartmut und Thomas von Burgtiefe nach Warnem\u00fcnde \/ Hohe D\u00fcne gesegelt. Bei perfekten Bedingungen mit Wind aus NW war es eine entspannte \u00dcberfahrt und wir erreichten unser Ziel 1:30 Uhr in der Nacht. Der Sonntag wurde bei Sonnenschein zum Strandtag ausgerufen und am Abend statteten wir der CuBa Bar einen Besuch ab. Danach sind wir auf der Seglerparty im alten Lockschuppen h\u00e4ngen geblieben und haben eine Menge Freunde aus den vergangenen Jahren wiedergetroffen. Am n\u00e4chsten Tag beobachteten wir noch den Start zur Langstrecke und dann legten wir selbst ab mit unserem geplantem Zielhafen Roenne auf Bornholm. Die Fahrt verlief ohne besondere Vorkommnisse und am Dienstag Nachmittag erreichten wir den Hafen. Die Suche nach einem freiem Platz war gar nicht so einfach, da die Marina\u00a0in der Hauptsaison sehr gut besucht ist. Am Abend waren wir am Marktplatz sehr gut Essen. Mittwoch Morgen hatte der Wind auf 5-6 Bft aus NW zugenommen und so lag unser n\u00e4chstes Ziel genau gegenan. Schon die Ausfahrt aus dem gesch\u00fctztem Hafen erforderte ordentlich Drehzahl von unserem Volvo um durch die auflandigen Wellen zu kommen. Die restliche Strecke ging es mit Kreuzen hoch am Wind in Richtung Ystad in Schweden. Auf diesen 45 sm haben wir mehr Man\u00f6ver gefahren als in den ganzen Tagen zuvor. Kurz vor Erreichen der schwedischen K\u00fcste hat Moni die d\u00e4nische Gastlandflagge gegen die schwedische wechseln wollen. Dabei reichte ein kurzer Moment der Unachtsamkeit und seit dem schwimmt unsere wertvolle (weil selbst gen\u00e4hte) d\u00e4nische Flagge in der kalten Ostsee. \ud83d\ude42 Im Hafen von Ystad war es wiederum sehr voll und so hatten wir nur einen Platz in 3. Reihe im P\u00e4ckchen an einer Hanse 470. Die Bordwand dieser Yacht war so hoch dass wir zuerst dachten neben einer 70 Fu\u00df Yacht festgemacht zu haben. Das so ein schwimmender Wohnwagen \u00fcberhaupt noch segeln kann&#8230; Den darauffolgenden Tag sind wir nach Klintholm auf die Insel M\u00f6n gesegelt. Wieder ein sch\u00f6ner Schlag mit Halbwind bei 3 Bft. Am fr\u00fchen Nachmittag war auch in Klintholm schon einiges los und f\u00fcr uns blieb abermals nur ein Platz im P\u00e4ckchen. Im Hafen lagen sehr viele d\u00e4nische und schwedische Yachten mit reichlich Kindern an Bord. Selbst die ganz kleinen kommen so schon sehr fr\u00fch zu ihrem sp\u00e4terem Hobby. Teilweise im Babysitz am Heckkorb festgemacht. Fr\u00fch \u00fcbt sich. \ud83d\ude42 Eine weitere Freizeitbesch\u00e4ftigung der Segler Gemeinde ist das Grillen. Aus jeder Backskiste zauberten die Skipper einen Grill und dann wurde alles gegeben. F\u00fcr uns ging es in das Hafenrestaurant zum All You Can Eat Fisch Buffet. Sehr lecker! Freitag Morgen haben wir um 10:30 Uhr die Leinen gel\u00f6st und sind nach Gedser gesegelt. Es war nur wenig Wind so dass wir einen Teil der Strecke mit Motor unterwegs waren. Daf\u00fcr hat den ganzen Tag die Sonne geschienen. Spannend war die Zufahrt zum Hafen in Gedser. Von S\u00fcden kommend muss man erst der Betonnung zum F\u00e4hrhafen folgen und dann links in Richtung Marina abbiegen. Auf den letzten Metern kam uns noch eine F\u00e4hre recht nah und als wir endlich in der Box waren verfehlten wir mit der Heckleine den\u00a0Poller. Zum Gl\u00fcck hat uns ein kleiner Schlauchbootkapit\u00e4n beim Festmachen geholfen. Am Samstag sind wir bei herrlichem Wind und Sonne von Gedser nach Fehmarn auf einem Amwind Kurs gesegelt. Um 17:00 Uhr waren wir fest im Hafen. Eine sehr sch\u00f6ne Woche Urlaub mit vielen neuen Eindr\u00fccken neigte sich ihrem Ende.<\/p>\n<div id=\"attachment_228\" style=\"width: 635px\" class=\"wp-caption alignleft\"><img loading=\"lazy\" decoding=\"async\" aria-describedby=\"caption-attachment-228\" class=\"size-large wp-image-228\" src=\"https:\/\/sy-mora.de\/wp-content\/uploads\/2015\/01\/Sonnenuntergang-Tag-1-1024x768.jpg\" alt=\"Sonnenuntergang Tag 1\" width=\"625\" height=\"469\" srcset=\"https:\/\/sy-mora.de\/wp-content\/uploads\/2015\/01\/Sonnenuntergang-Tag-1-1024x768.jpg 1024w, https:\/\/sy-mora.de\/wp-content\/uploads\/2015\/01\/Sonnenuntergang-Tag-1-300x225.jpg 300w, https:\/\/sy-mora.de\/wp-content\/uploads\/2015\/01\/Sonnenuntergang-Tag-1-624x468.jpg 624w\" sizes=\"auto, (max-width: 625px) 100vw, 625px\" \/><p id=\"caption-attachment-228\" class=\"wp-caption-text\">Sonnenuntergang Tag 1<\/p><\/div>\n<div id=\"attachment_220\" style=\"width: 635px\" class=\"wp-caption alignleft\"><img loading=\"lazy\" decoding=\"async\" aria-describedby=\"caption-attachment-220\" class=\"size-large wp-image-220\" src=\"https:\/\/sy-mora.de\/wp-content\/uploads\/2015\/01\/Fr\u00fchst\u00fcck-1024x768.jpg\" alt=\"Fr\u00fchst\u00fcck\" width=\"625\" height=\"469\" srcset=\"https:\/\/sy-mora.de\/wp-content\/uploads\/2015\/01\/Fr\u00fchst\u00fcck-1024x768.jpg 1024w, https:\/\/sy-mora.de\/wp-content\/uploads\/2015\/01\/Fr\u00fchst\u00fcck-300x225.jpg 300w, https:\/\/sy-mora.de\/wp-content\/uploads\/2015\/01\/Fr\u00fchst\u00fcck-624x468.jpg 624w\" sizes=\"auto, (max-width: 625px) 100vw, 625px\" \/><p id=\"caption-attachment-220\" class=\"wp-caption-text\">Fr\u00fchst\u00fcck<\/p><\/div>\n<div id=\"attachment_227\" style=\"width: 635px\" class=\"wp-caption alignleft\"><img loading=\"lazy\" decoding=\"async\" aria-describedby=\"caption-attachment-227\" class=\"size-large wp-image-227\" src=\"https:\/\/sy-mora.de\/wp-content\/uploads\/2015\/01\/Sonnensegler-1024x768.jpg\" alt=\"Sonnensegler\" width=\"625\" height=\"469\" srcset=\"https:\/\/sy-mora.de\/wp-content\/uploads\/2015\/01\/Sonnensegler-1024x768.jpg 1024w, https:\/\/sy-mora.de\/wp-content\/uploads\/2015\/01\/Sonnensegler-300x225.jpg 300w, https:\/\/sy-mora.de\/wp-content\/uploads\/2015\/01\/Sonnensegler-624x468.jpg 624w\" sizes=\"auto, (max-width: 625px) 100vw, 625px\" \/><p id=\"caption-attachment-227\" class=\"wp-caption-text\">Sonnensegler<\/p><\/div>\n<div id=\"attachment_222\" style=\"width: 635px\" class=\"wp-caption alignleft\"><img loading=\"lazy\" decoding=\"async\" aria-describedby=\"caption-attachment-222\" class=\"size-large wp-image-222\" src=\"https:\/\/sy-mora.de\/wp-content\/uploads\/2015\/01\/Halbwind-1024x768.jpg\" alt=\"Halbwind\" width=\"625\" height=\"469\" srcset=\"https:\/\/sy-mora.de\/wp-content\/uploads\/2015\/01\/Halbwind-1024x768.jpg 1024w, https:\/\/sy-mora.de\/wp-content\/uploads\/2015\/01\/Halbwind-300x225.jpg 300w, https:\/\/sy-mora.de\/wp-content\/uploads\/2015\/01\/Halbwind-624x468.jpg 624w\" sizes=\"auto, (max-width: 625px) 100vw, 625px\" \/><p id=\"caption-attachment-222\" class=\"wp-caption-text\">Halbwind<\/p><\/div>\n<div id=\"attachment_229\" style=\"width: 635px\" class=\"wp-caption alignleft\"><img loading=\"lazy\" decoding=\"async\" aria-describedby=\"caption-attachment-229\" class=\"size-large wp-image-229\" src=\"https:\/\/sy-mora.de\/wp-content\/uploads\/2015\/01\/Thomas-1024x768.jpg\" alt=\"Thomas\" width=\"625\" height=\"469\" srcset=\"https:\/\/sy-mora.de\/wp-content\/uploads\/2015\/01\/Thomas-1024x768.jpg 1024w, https:\/\/sy-mora.de\/wp-content\/uploads\/2015\/01\/Thomas-300x225.jpg 300w, https:\/\/sy-mora.de\/wp-content\/uploads\/2015\/01\/Thomas-624x468.jpg 624w\" sizes=\"auto, (max-width: 625px) 100vw, 625px\" \/><p id=\"caption-attachment-229\" class=\"wp-caption-text\">Thomas<\/p><\/div>\n<div id=\"attachment_231\" style=\"width: 635px\" class=\"wp-caption alignleft\"><img loading=\"lazy\" decoding=\"async\" aria-describedby=\"caption-attachment-231\" class=\"size-large wp-image-231\" src=\"https:\/\/sy-mora.de\/wp-content\/uploads\/2015\/01\/Moni_1-1024x768.jpg\" alt=\"Moni\" width=\"625\" height=\"469\" srcset=\"https:\/\/sy-mora.de\/wp-content\/uploads\/2015\/01\/Moni_1-1024x768.jpg 1024w, https:\/\/sy-mora.de\/wp-content\/uploads\/2015\/01\/Moni_1-300x225.jpg 300w, https:\/\/sy-mora.de\/wp-content\/uploads\/2015\/01\/Moni_1-624x468.jpg 624w\" sizes=\"auto, (max-width: 625px) 100vw, 625px\" \/><p id=\"caption-attachment-231\" class=\"wp-caption-text\">Moni<\/p><\/div>\n<div id=\"attachment_223\" style=\"width: 635px\" class=\"wp-caption alignleft\"><img loading=\"lazy\" decoding=\"async\" aria-describedby=\"caption-attachment-223\" class=\"size-large wp-image-223\" src=\"https:\/\/sy-mora.de\/wp-content\/uploads\/2015\/01\/Hartmut-1024x768.jpg\" alt=\"Hartmut\" width=\"625\" height=\"469\" srcset=\"https:\/\/sy-mora.de\/wp-content\/uploads\/2015\/01\/Hartmut-1024x768.jpg 1024w, https:\/\/sy-mora.de\/wp-content\/uploads\/2015\/01\/Hartmut-300x225.jpg 300w, https:\/\/sy-mora.de\/wp-content\/uploads\/2015\/01\/Hartmut-624x468.jpg 624w\" sizes=\"auto, (max-width: 625px) 100vw, 625px\" \/><p id=\"caption-attachment-223\" class=\"wp-caption-text\">Hartmut<\/p><\/div>\n<div id=\"attachment_224\" style=\"width: 635px\" class=\"wp-caption alignleft\"><img loading=\"lazy\" decoding=\"async\" aria-describedby=\"caption-attachment-224\" class=\"size-large wp-image-224\" src=\"https:\/\/sy-mora.de\/wp-content\/uploads\/2015\/01\/Klintholm-Kreidefelsen-1024x768.jpg\" alt=\"M\u00f6n Kreidefelsen\" width=\"625\" height=\"469\" srcset=\"https:\/\/sy-mora.de\/wp-content\/uploads\/2015\/01\/Klintholm-Kreidefelsen-1024x768.jpg 1024w, https:\/\/sy-mora.de\/wp-content\/uploads\/2015\/01\/Klintholm-Kreidefelsen-300x225.jpg 300w, https:\/\/sy-mora.de\/wp-content\/uploads\/2015\/01\/Klintholm-Kreidefelsen-624x468.jpg 624w\" sizes=\"auto, (max-width: 625px) 100vw, 625px\" \/><p id=\"caption-attachment-224\" class=\"wp-caption-text\">M\u00f6n Kreidefelsen<\/p><\/div>\n<div id=\"attachment_225\" style=\"width: 635px\" class=\"wp-caption alignleft\"><img loading=\"lazy\" decoding=\"async\" aria-describedby=\"caption-attachment-225\" class=\"size-large wp-image-225\" src=\"https:\/\/sy-mora.de\/wp-content\/uploads\/2015\/01\/Klinthom-Hafen-1024x768.jpg\" alt=\"Klinthom Hafen\" width=\"625\" height=\"469\" srcset=\"https:\/\/sy-mora.de\/wp-content\/uploads\/2015\/01\/Klinthom-Hafen-1024x768.jpg 1024w, https:\/\/sy-mora.de\/wp-content\/uploads\/2015\/01\/Klinthom-Hafen-300x225.jpg 300w, https:\/\/sy-mora.de\/wp-content\/uploads\/2015\/01\/Klinthom-Hafen-624x468.jpg 624w\" sizes=\"auto, (max-width: 625px) 100vw, 625px\" \/><p id=\"caption-attachment-225\" class=\"wp-caption-text\">Klinthom Hafen<\/p><\/div>\n<div id=\"attachment_219\" style=\"width: 635px\" class=\"wp-caption alignleft\"><img loading=\"lazy\" decoding=\"async\" aria-describedby=\"caption-attachment-219\" class=\"size-large wp-image-219\" src=\"https:\/\/sy-mora.de\/wp-content\/uploads\/2015\/01\/F\u00e4hre-nach-Gedser-768x1024.jpg\" alt=\"F\u00e4hre nach Gedser\" width=\"625\" height=\"833\" srcset=\"https:\/\/sy-mora.de\/wp-content\/uploads\/2015\/01\/F\u00e4hre-nach-Gedser-768x1024.jpg 768w, https:\/\/sy-mora.de\/wp-content\/uploads\/2015\/01\/F\u00e4hre-nach-Gedser-225x300.jpg 225w, https:\/\/sy-mora.de\/wp-content\/uploads\/2015\/01\/F\u00e4hre-nach-Gedser-624x832.jpg 624w, https:\/\/sy-mora.de\/wp-content\/uploads\/2015\/01\/F\u00e4hre-nach-Gedser.jpg 1944w\" sizes=\"auto, (max-width: 625px) 100vw, 625px\" \/><p id=\"caption-attachment-219\" class=\"wp-caption-text\">F\u00e4hre nach Gedser<\/p><\/div>\n<div id=\"attachment_230\" style=\"width: 635px\" class=\"wp-caption alignleft\"><img loading=\"lazy\" decoding=\"async\" aria-describedby=\"caption-attachment-230\" class=\"size-large wp-image-230\" src=\"https:\/\/sy-mora.de\/wp-content\/uploads\/2015\/01\/Zufahrt-Gedser-1024x768.jpg\" alt=\"Zufahrt Gedser\" width=\"625\" height=\"469\" srcset=\"https:\/\/sy-mora.de\/wp-content\/uploads\/2015\/01\/Zufahrt-Gedser-1024x768.jpg 1024w, https:\/\/sy-mora.de\/wp-content\/uploads\/2015\/01\/Zufahrt-Gedser-300x225.jpg 300w, https:\/\/sy-mora.de\/wp-content\/uploads\/2015\/01\/Zufahrt-Gedser-624x468.jpg 624w\" sizes=\"auto, (max-width: 625px) 100vw, 625px\" \/><p id=\"caption-attachment-230\" class=\"wp-caption-text\">Zufahrt Gedser<\/p><\/div>\n<div id=\"attachment_221\" style=\"width: 635px\" class=\"wp-caption alignleft\"><img loading=\"lazy\" decoding=\"async\" aria-describedby=\"caption-attachment-221\" class=\"size-large wp-image-221\" src=\"https:\/\/sy-mora.de\/wp-content\/uploads\/2015\/01\/Gedser-Hafen-1024x768.jpg\" alt=\"Gedser Hafen\" width=\"625\" height=\"469\" srcset=\"https:\/\/sy-mora.de\/wp-content\/uploads\/2015\/01\/Gedser-Hafen-1024x768.jpg 1024w, https:\/\/sy-mora.de\/wp-content\/uploads\/2015\/01\/Gedser-Hafen-300x225.jpg 300w, https:\/\/sy-mora.de\/wp-content\/uploads\/2015\/01\/Gedser-Hafen-624x468.jpg 624w\" sizes=\"auto, (max-width: 625px) 100vw, 625px\" \/><p id=\"caption-attachment-221\" class=\"wp-caption-text\">Gedser Hafen<\/p><\/div>\n<p>&nbsp;<\/p>\n<p>&nbsp;<\/p>\n","protected":false},"excerpt":{"rendered":"<p>06.07.2013 bis 13.07.2013 Das erste Wochenende im Juli war in den letzten Jahren immer von viel Stress und Hektik gepr\u00e4gt. Schlie\u00dflich ist dies der Termin f\u00fcr den Start zur Warnem\u00fcnder Woche. Wir sind meistens mit einer auf Fehmarn gecharterten X-Yacht zur Langstrecke Rund Bornholm gestartet. Das erste Wochenende in Warnem\u00fcnde ging dann in der Regel [&hellip;]<\/p>\n","protected":false},"author":1,"featured_media":0,"comment_status":"open","ping_status":"closed","sticky":false,"template":"","format":"standard","meta":{"footnotes":""},"categories":[3],"tags":[],"class_list":["post-42","post","type-post","status-publish","format-standard","hentry","category-3"],"_links":{"self":[{"href":"https:\/\/sy-mora.de\/index.php?rest_route=\/wp\/v2\/posts\/42","targetHints":{"allow":["GET"]}}],"collection":[{"href":"https:\/\/sy-mora.de\/index.php?rest_route=\/wp\/v2\/posts"}],"about":[{"href":"https:\/\/sy-mora.de\/index.php?rest_route=\/wp\/v2\/types\/post"}],"author":[{"embeddable":true,"href":"https:\/\/sy-mora.de\/index.php?rest_route=\/wp\/v2\/users\/1"}],"replies":[{"embeddable":true,"href":"https:\/\/sy-mora.de\/index.php?rest_route=%2Fwp%2Fv2%2Fcomments&post=42"}],"version-history":[{"count":7,"href":"https:\/\/sy-mora.de\/index.php?rest_route=\/wp\/v2\/posts\/42\/revisions"}],"predecessor-version":[{"id":233,"href":"https:\/\/sy-mora.de\/index.php?rest_route=\/wp\/v2\/posts\/42\/revisions\/233"}],"wp:attachment":[{"href":"https:\/\/sy-mora.de\/index.php?rest_route=%2Fwp%2Fv2%2Fmedia&parent=42"}],"wp:term":[{"taxonomy":"category","embeddable":true,"href":"https:\/\/sy-mora.de\/index.php?rest_route=%2Fwp%2Fv2%2Fcategories&post=42"},{"taxonomy":"post_tag","embeddable":true,"href":"https:\/\/sy-mora.de\/index.php?rest_route=%2Fwp%2Fv2%2Ftags&post=42"}],"curies":[{"name":"wp","href":"https:\/\/api.w.org\/{rel}","templated":true}]}}