{"id":428,"date":"2015-05-10T13:17:23","date_gmt":"2015-05-10T12:17:23","guid":{"rendered":"http:\/\/sy-mora.de\/?p=428"},"modified":"2015-05-31T21:20:33","modified_gmt":"2015-05-31T20:20:33","slug":"saisonstart-2015","status":"publish","type":"post","link":"https:\/\/sy-mora.de\/?p=428","title":{"rendered":"Saisonstart 2015"},"content":{"rendered":"<p>Endlich geht es wieder los!<\/p>\n<p>Im Februar waren wir, wie berichtet, in Hamburg bei der Firma <a href=\"http:\/\/www.windpilot.com\" target=\"_blank\">Windpilot<\/a> und haben unsere Windfahnensteuerung bestellt. Nun war sie fertig und wir konnten es nicht erwarten diese endlich abzuholen. Daf\u00fcr sind wir am Samstag den 25. April um 6.30 Uhr in Solingen gestartet um nach Hamburg zu fahren. Die Anlage f\u00fcr unsere mora war schon vormontiert und Peter Foerthmann hat uns die weiter Installation am Schiff genau erkl\u00e4rt.<\/p>\n<p>Am 1. Mai ging es dann schlie\u00dflich nach Fehmarn. Im Gep\u00e4ck unter anderem den Windpiloten und ein <a href=\"http:\/\/www.froli.com\/home\/\" target=\"_blank\">Schlaf System von Froli<\/a>. Als erstes stand ein Check der Batterien an. Sie hatten die lange Winterpause gut \u00fcberstanden und waren noch mit 12,6 Volt geladen. Diese Saison sollte die Verbraucherbank noch durchhalten und im n\u00e4chsten Jahr werden wir dann neue Deep Cycle Batterien von Trojan installieren. Weiter ging es mit dem Aufbau der Froli Travel Elemente. Das System war schnell zusammengesteckt und an die Liegefl\u00e4che angepasst. So l\u00e4sst sich der Schlafkomfort vielleicht auch ohne neue Matratzen erheblich verbessern. Eine erfreuliche Nachricht f\u00fcr die Bordkasse! \ud83d\ude42 Am Samstag ging es dann los mit der Montage des Windpiloten. Die Badeleiter musste etwas nach Backbord versetzt werden damit die Windfahnensteuerung mittig angebracht werden konnte. Es klappte alles wunderbar. Die neuen L\u00f6cher welche gebohrt werden mussten gingen alle in die Backskiste und stellten somit keinerlei Probleme dar. W\u00e4hrend Ralph mit dem Anbau besch\u00e4ftig war und meine Hilfe zeitweise nicht ben\u00f6tigt wurde begann ich mit dem \u00fcblichen Arbeiten an unsere mora um sie f\u00fcr die Saison wieder aufzuh\u00fcbschen. Das hei\u00dft: Wasserpass und Bordwand gr\u00fcndlich reinigen, polieren &amp; wachsen \u2013 eine typische Frauenarbeit. \ud83d\ude42 Dies und der An- bzw. Umbau dauerten inklusive abdichten mit Sikaflex noch bis Sonntag und dann war schon ein gro\u00dfer Teil vom Fr\u00fchjahrsputz erledigt. Zu unserer Belohnung gab es jeden Abend ein dickes <a href=\"https:\/\/de-de.facebook.com\/raddens.eis\" target=\"_blank\">Softeis bei Radden<\/a> in Burg. F\u00fcr jeden Gast auf der Insel nur zu empfehlen. Das war ein erfolgreiches Wochenende!<\/p>\n<div id=\"attachment_457\" style=\"width: 635px\" class=\"wp-caption alignleft\"><img loading=\"lazy\" decoding=\"async\" aria-describedby=\"caption-attachment-457\" class=\"size-large wp-image-457\" src=\"https:\/\/sy-mora.de\/wp-content\/uploads\/2015\/05\/Froli-System-1024x768.jpg\" alt=\"Froli System\" width=\"625\" height=\"469\" srcset=\"https:\/\/sy-mora.de\/wp-content\/uploads\/2015\/05\/Froli-System-1024x768.jpg 1024w, https:\/\/sy-mora.de\/wp-content\/uploads\/2015\/05\/Froli-System-300x225.jpg 300w, https:\/\/sy-mora.de\/wp-content\/uploads\/2015\/05\/Froli-System-624x468.jpg 624w\" sizes=\"auto, (max-width: 625px) 100vw, 625px\" \/><p id=\"caption-attachment-457\" class=\"wp-caption-text\">Froli System<\/p><\/div>\n<div id=\"attachment_432\" style=\"width: 635px\" class=\"wp-caption alignleft\"><img loading=\"lazy\" decoding=\"async\" aria-describedby=\"caption-attachment-432\" class=\"size-large wp-image-432\" src=\"https:\/\/sy-mora.de\/wp-content\/uploads\/2015\/05\/Halterung-MF1-1024x768.jpg\" alt=\"Die Halterung MF1 am Spiegel\" width=\"625\" height=\"469\" srcset=\"https:\/\/sy-mora.de\/wp-content\/uploads\/2015\/05\/Halterung-MF1-1024x768.jpg 1024w, https:\/\/sy-mora.de\/wp-content\/uploads\/2015\/05\/Halterung-MF1-300x225.jpg 300w, https:\/\/sy-mora.de\/wp-content\/uploads\/2015\/05\/Halterung-MF1-624x468.jpg 624w\" sizes=\"auto, (max-width: 625px) 100vw, 625px\" \/><p id=\"caption-attachment-432\" class=\"wp-caption-text\">Die Halterung MF1 am Spiegel<\/p><\/div>\n<div id=\"attachment_435\" style=\"width: 635px\" class=\"wp-caption alignleft\"><img loading=\"lazy\" decoding=\"async\" aria-describedby=\"caption-attachment-435\" class=\"size-large wp-image-435\" src=\"https:\/\/sy-mora.de\/wp-content\/uploads\/2015\/05\/Detail-Montage-1024x768.jpg\" alt=\"fertig montiert\" width=\"625\" height=\"469\" srcset=\"https:\/\/sy-mora.de\/wp-content\/uploads\/2015\/05\/Detail-Montage-1024x768.jpg 1024w, https:\/\/sy-mora.de\/wp-content\/uploads\/2015\/05\/Detail-Montage-300x225.jpg 300w, https:\/\/sy-mora.de\/wp-content\/uploads\/2015\/05\/Detail-Montage-624x468.jpg 624w\" sizes=\"auto, (max-width: 625px) 100vw, 625px\" \/><p id=\"caption-attachment-435\" class=\"wp-caption-text\">fertig montiert<\/p><\/div>\n<div id=\"attachment_433\" style=\"width: 635px\" class=\"wp-caption alignleft\"><img loading=\"lazy\" decoding=\"async\" aria-describedby=\"caption-attachment-433\" class=\"size-large wp-image-433\" src=\"https:\/\/sy-mora.de\/wp-content\/uploads\/2015\/05\/Heckansicht-1-1024x768.jpg\" alt=\"Heck mit Badeleiter unten ..\" width=\"625\" height=\"469\" srcset=\"https:\/\/sy-mora.de\/wp-content\/uploads\/2015\/05\/Heckansicht-1-1024x768.jpg 1024w, https:\/\/sy-mora.de\/wp-content\/uploads\/2015\/05\/Heckansicht-1-300x225.jpg 300w, https:\/\/sy-mora.de\/wp-content\/uploads\/2015\/05\/Heckansicht-1-624x468.jpg 624w\" sizes=\"auto, (max-width: 625px) 100vw, 625px\" \/><p id=\"caption-attachment-433\" class=\"wp-caption-text\">Heck mit Badeleiter unten ..<\/p><\/div>\n<div id=\"attachment_434\" style=\"width: 635px\" class=\"wp-caption alignleft\"><img loading=\"lazy\" decoding=\"async\" aria-describedby=\"caption-attachment-434\" class=\"size-large wp-image-434\" src=\"https:\/\/sy-mora.de\/wp-content\/uploads\/2015\/05\/Heckansicht-2-1024x768.jpg\" alt=\"... und oben\" width=\"625\" height=\"469\" srcset=\"https:\/\/sy-mora.de\/wp-content\/uploads\/2015\/05\/Heckansicht-2-1024x768.jpg 1024w, https:\/\/sy-mora.de\/wp-content\/uploads\/2015\/05\/Heckansicht-2-300x225.jpg 300w, https:\/\/sy-mora.de\/wp-content\/uploads\/2015\/05\/Heckansicht-2-624x468.jpg 624w\" sizes=\"auto, (max-width: 625px) 100vw, 625px\" \/><p id=\"caption-attachment-434\" class=\"wp-caption-text\">&#8230; und oben<\/p><\/div>\n<div id=\"attachment_436\" style=\"width: 635px\" class=\"wp-caption alignleft\"><img loading=\"lazy\" decoding=\"async\" aria-describedby=\"caption-attachment-436\" class=\"size-large wp-image-436\" src=\"https:\/\/sy-mora.de\/wp-content\/uploads\/2015\/05\/Radadapter-1024x768.jpg\" alt=\"der Radadapter\" width=\"625\" height=\"469\" srcset=\"https:\/\/sy-mora.de\/wp-content\/uploads\/2015\/05\/Radadapter-1024x768.jpg 1024w, https:\/\/sy-mora.de\/wp-content\/uploads\/2015\/05\/Radadapter-300x225.jpg 300w, https:\/\/sy-mora.de\/wp-content\/uploads\/2015\/05\/Radadapter-624x468.jpg 624w\" sizes=\"auto, (max-width: 625px) 100vw, 625px\" \/><p id=\"caption-attachment-436\" class=\"wp-caption-text\">der Radadapter<\/p><\/div>\n","protected":false},"excerpt":{"rendered":"<p>Endlich geht es wieder los! Im Februar waren wir, wie berichtet, in Hamburg bei der Firma Windpilot und haben unsere Windfahnensteuerung bestellt. Nun war sie fertig und wir konnten es nicht erwarten diese endlich abzuholen. Daf\u00fcr sind wir am Samstag den 25. April um 6.30 Uhr in Solingen gestartet um nach Hamburg zu fahren. Die [&hellip;]<\/p>\n","protected":false},"author":4,"featured_media":437,"comment_status":"open","ping_status":"closed","sticky":false,"template":"","format":"standard","meta":{"footnotes":""},"categories":[7],"tags":[],"class_list":["post-428","post","type-post","status-publish","format-standard","has-post-thumbnail","hentry","category-7"],"_links":{"self":[{"href":"https:\/\/sy-mora.de\/index.php?rest_route=\/wp\/v2\/posts\/428","targetHints":{"allow":["GET"]}}],"collection":[{"href":"https:\/\/sy-mora.de\/index.php?rest_route=\/wp\/v2\/posts"}],"about":[{"href":"https:\/\/sy-mora.de\/index.php?rest_route=\/wp\/v2\/types\/post"}],"author":[{"embeddable":true,"href":"https:\/\/sy-mora.de\/index.php?rest_route=\/wp\/v2\/users\/4"}],"replies":[{"embeddable":true,"href":"https:\/\/sy-mora.de\/index.php?rest_route=%2Fwp%2Fv2%2Fcomments&post=428"}],"version-history":[{"count":5,"href":"https:\/\/sy-mora.de\/index.php?rest_route=\/wp\/v2\/posts\/428\/revisions"}],"predecessor-version":[{"id":458,"href":"https:\/\/sy-mora.de\/index.php?rest_route=\/wp\/v2\/posts\/428\/revisions\/458"}],"wp:featuredmedia":[{"embeddable":true,"href":"https:\/\/sy-mora.de\/index.php?rest_route=\/wp\/v2\/media\/437"}],"wp:attachment":[{"href":"https:\/\/sy-mora.de\/index.php?rest_route=%2Fwp%2Fv2%2Fmedia&parent=428"}],"wp:term":[{"taxonomy":"category","embeddable":true,"href":"https:\/\/sy-mora.de\/index.php?rest_route=%2Fwp%2Fv2%2Fcategories&post=428"},{"taxonomy":"post_tag","embeddable":true,"href":"https:\/\/sy-mora.de\/index.php?rest_route=%2Fwp%2Fv2%2Ftags&post=428"}],"curies":[{"name":"wp","href":"https:\/\/api.w.org\/{rel}","templated":true}]}}