{"id":439,"date":"2015-05-10T13:36:39","date_gmt":"2015-05-10T12:36:39","guid":{"rendered":"http:\/\/sy-mora.de\/?p=439"},"modified":"2015-05-11T15:23:08","modified_gmt":"2015-05-11T14:23:08","slug":"feuer-und-flamme","status":"publish","type":"post","link":"https:\/\/sy-mora.de\/?p=439","title":{"rendered":"Feuer und Flamme"},"content":{"rendered":"<p>Brandschutz\u00a0bei der SKU<\/p>\n<p>Am Samstag d. 09.05. waren wir bei der Segelkameradschaft Unterbacher See zum Brandschutz und Pyro Seminar. Das Seminar beinhaltet eine Erkl\u00e4rung \u00fcber verschiedene Seenot Signalmittel und deren sachgerechte Verwendung. Ein weiterer Programmpunkt war das Thema Feuer. Von allgemeinen Gefahren im t\u00e4glichen Leben bis hin zu ganz speziellen Situationen an Bord von Yachten wurden eine Menge Themen angesprochen. Die gr\u00f6\u00dfte Gefahr an Bord geht vom Gas f\u00fcr die Pantry, vom Dieselmotor und von Fehlern in der Stromversorgung aus. Auf Grund der geringen Spannung von 12 Volt flie\u00dfen teilweise sehr hohe Str\u00f6me. Wenn dann eine Sicherung manipuliert oder gar beim Einbau vergessen wird kann dies zu erheblichen Erw\u00e4rmungen der Kabel f\u00fchren. Im schlechtesten Fall ergibt dies dann einen sehr schwer unter Kontrolle zu bringenden Brand mitten auf dem Wasser. Hoffen wir mal dass bei uns der CO2 Feuerl\u00f6scher nur zum Abk\u00fchlen der Bier Vorr\u00e4te ben\u00f6tigt wird&#8230;\u00a0\ud83d\ude42<\/p>\n<p>Das Seminar war sehr gut organisiert, sehr lehrreich und mit den praktischen \u00dcbungen am Nachmittag wurde uns auch die Angst vom Umgang mit den verschiedenen Feuerl\u00f6schern genommen. Im Herbst werden wir bei der SKU auch noch ein Sicherheitstraining f\u00fcr Fahrtensegler besuchen. Gemeinsam mit dem Kurs vom Samstag gibt es dann sogar das ISAF Zertifikat welches f\u00fcr die Teilnahme an internationalen Regatten vorgeschrieben ist. Beide Seminare werden regelm\u00e4\u00dfig von der SKU organisiert und sind sehr empfehlenswert. Informationen rund um die SKU findet ihr <a href=\"http:\/\/www.sku-duesseldorf.de\" target=\"_blank\">hier<\/a>.<\/p>\n<div id=\"attachment_443\" style=\"width: 635px\" class=\"wp-caption alignleft\"><img loading=\"lazy\" decoding=\"async\" aria-describedby=\"caption-attachment-443\" class=\"size-large wp-image-443\" src=\"https:\/\/sy-mora.de\/wp-content\/uploads\/2015\/05\/Branddecke-1-1024x768.jpg\" alt=\"Feuer\" width=\"625\" height=\"469\" \/><p id=\"caption-attachment-443\" class=\"wp-caption-text\">Feuer<\/p><\/div>\n<div id=\"attachment_444\" style=\"width: 635px\" class=\"wp-caption alignleft\"><img loading=\"lazy\" decoding=\"async\" aria-describedby=\"caption-attachment-444\" class=\"size-large wp-image-444\" src=\"https:\/\/sy-mora.de\/wp-content\/uploads\/2015\/05\/Branddecke-2-1024x768.jpg\" alt=\"Branddecke\" width=\"625\" height=\"469\" srcset=\"https:\/\/sy-mora.de\/wp-content\/uploads\/2015\/05\/Branddecke-2-1024x768.jpg 1024w, https:\/\/sy-mora.de\/wp-content\/uploads\/2015\/05\/Branddecke-2-300x225.jpg 300w, https:\/\/sy-mora.de\/wp-content\/uploads\/2015\/05\/Branddecke-2-624x468.jpg 624w\" sizes=\"auto, (max-width: 625px) 100vw, 625px\" \/><p id=\"caption-attachment-444\" class=\"wp-caption-text\">Branddecke<\/p><\/div>\n<div id=\"attachment_445\" style=\"width: 635px\" class=\"wp-caption alignleft\"><img loading=\"lazy\" decoding=\"async\" aria-describedby=\"caption-attachment-445\" class=\"size-large wp-image-445\" src=\"https:\/\/sy-mora.de\/wp-content\/uploads\/2015\/05\/Wasserl\u00f6scher-1-1024x768.jpg\" alt=\"Wasserl\u00f6scher 1\" width=\"625\" height=\"469\" srcset=\"https:\/\/sy-mora.de\/wp-content\/uploads\/2015\/05\/Wasserl\u00f6scher-1-1024x768.jpg 1024w, https:\/\/sy-mora.de\/wp-content\/uploads\/2015\/05\/Wasserl\u00f6scher-1-300x225.jpg 300w, https:\/\/sy-mora.de\/wp-content\/uploads\/2015\/05\/Wasserl\u00f6scher-1-624x468.jpg 624w\" sizes=\"auto, (max-width: 625px) 100vw, 625px\" \/><p id=\"caption-attachment-445\" class=\"wp-caption-text\">Wasserl\u00f6scher 1<\/p><\/div>\n<div id=\"attachment_446\" style=\"width: 635px\" class=\"wp-caption alignleft\"><img loading=\"lazy\" decoding=\"async\" aria-describedby=\"caption-attachment-446\" class=\"size-large wp-image-446\" src=\"https:\/\/sy-mora.de\/wp-content\/uploads\/2015\/05\/Wasserl\u00f6scher-2-1024x768.jpg\" alt=\"Wasserl\u00f6scher 2\" width=\"625\" height=\"469\" srcset=\"https:\/\/sy-mora.de\/wp-content\/uploads\/2015\/05\/Wasserl\u00f6scher-2-1024x768.jpg 1024w, https:\/\/sy-mora.de\/wp-content\/uploads\/2015\/05\/Wasserl\u00f6scher-2-300x225.jpg 300w, https:\/\/sy-mora.de\/wp-content\/uploads\/2015\/05\/Wasserl\u00f6scher-2-624x468.jpg 624w\" sizes=\"auto, (max-width: 625px) 100vw, 625px\" \/><p id=\"caption-attachment-446\" class=\"wp-caption-text\">Wasserl\u00f6scher 2<\/p><\/div>\n<div id=\"attachment_449\" style=\"width: 635px\" class=\"wp-caption alignleft\"><img loading=\"lazy\" decoding=\"async\" aria-describedby=\"caption-attachment-449\" class=\"size-large wp-image-449\" src=\"https:\/\/sy-mora.de\/wp-content\/uploads\/2015\/05\/Schauml\u00f6scher-1-1024x768.jpg\" alt=\"Schauml\u00f6scher 1\" width=\"625\" height=\"469\" srcset=\"https:\/\/sy-mora.de\/wp-content\/uploads\/2015\/05\/Schauml\u00f6scher-1-1024x768.jpg 1024w, https:\/\/sy-mora.de\/wp-content\/uploads\/2015\/05\/Schauml\u00f6scher-1-300x225.jpg 300w, https:\/\/sy-mora.de\/wp-content\/uploads\/2015\/05\/Schauml\u00f6scher-1-624x468.jpg 624w\" sizes=\"auto, (max-width: 625px) 100vw, 625px\" \/><p id=\"caption-attachment-449\" class=\"wp-caption-text\">Schauml\u00f6scher 1<\/p><\/div>\n<div id=\"attachment_448\" style=\"width: 635px\" class=\"wp-caption alignleft\"><img loading=\"lazy\" decoding=\"async\" aria-describedby=\"caption-attachment-448\" class=\"size-large wp-image-448\" src=\"https:\/\/sy-mora.de\/wp-content\/uploads\/2015\/05\/Schauml\u00f6scher-21-1024x768.jpg\" alt=\"Schauml\u00f6scher 2\" width=\"625\" height=\"469\" srcset=\"https:\/\/sy-mora.de\/wp-content\/uploads\/2015\/05\/Schauml\u00f6scher-21-1024x768.jpg 1024w, https:\/\/sy-mora.de\/wp-content\/uploads\/2015\/05\/Schauml\u00f6scher-21-300x225.jpg 300w, https:\/\/sy-mora.de\/wp-content\/uploads\/2015\/05\/Schauml\u00f6scher-21-624x468.jpg 624w\" sizes=\"auto, (max-width: 625px) 100vw, 625px\" \/><p id=\"caption-attachment-448\" class=\"wp-caption-text\">Schauml\u00f6scher 2<\/p><\/div>\n<div id=\"attachment_450\" style=\"width: 635px\" class=\"wp-caption alignleft\"><img loading=\"lazy\" decoding=\"async\" aria-describedby=\"caption-attachment-450\" class=\"size-large wp-image-450\" src=\"https:\/\/sy-mora.de\/wp-content\/uploads\/2015\/05\/CO-2-L\u00f6scher-1-1024x768.jpg\" alt=\"CO 2 L\u00f6scher 1\" width=\"625\" height=\"469\" srcset=\"https:\/\/sy-mora.de\/wp-content\/uploads\/2015\/05\/CO-2-L\u00f6scher-1-1024x768.jpg 1024w, https:\/\/sy-mora.de\/wp-content\/uploads\/2015\/05\/CO-2-L\u00f6scher-1-300x225.jpg 300w, https:\/\/sy-mora.de\/wp-content\/uploads\/2015\/05\/CO-2-L\u00f6scher-1-624x468.jpg 624w\" sizes=\"auto, (max-width: 625px) 100vw, 625px\" \/><p id=\"caption-attachment-450\" class=\"wp-caption-text\">CO 2 L\u00f6scher 1<\/p><\/div>\n<div id=\"attachment_451\" style=\"width: 635px\" class=\"wp-caption alignleft\"><img loading=\"lazy\" decoding=\"async\" aria-describedby=\"caption-attachment-451\" class=\"size-large wp-image-451\" src=\"https:\/\/sy-mora.de\/wp-content\/uploads\/2015\/05\/CO-2-L\u00f6scher-2-1024x768.jpg\" alt=\"CO 2 L\u00f6scher 2\" width=\"625\" height=\"469\" srcset=\"https:\/\/sy-mora.de\/wp-content\/uploads\/2015\/05\/CO-2-L\u00f6scher-2-1024x768.jpg 1024w, https:\/\/sy-mora.de\/wp-content\/uploads\/2015\/05\/CO-2-L\u00f6scher-2-300x225.jpg 300w, https:\/\/sy-mora.de\/wp-content\/uploads\/2015\/05\/CO-2-L\u00f6scher-2-624x468.jpg 624w\" sizes=\"auto, (max-width: 625px) 100vw, 625px\" \/><p id=\"caption-attachment-451\" class=\"wp-caption-text\">CO 2 L\u00f6scher 2<\/p><\/div>\n","protected":false},"excerpt":{"rendered":"<p>Brandschutz\u00a0bei der SKU Am Samstag d. 09.05. waren wir bei der Segelkameradschaft Unterbacher See zum Brandschutz und Pyro Seminar. Das Seminar beinhaltet eine Erkl\u00e4rung \u00fcber verschiedene Seenot Signalmittel und deren sachgerechte Verwendung. Ein weiterer Programmpunkt war das Thema Feuer. Von allgemeinen Gefahren im t\u00e4glichen Leben bis hin zu ganz speziellen Situationen an Bord von Yachten [&hellip;]<\/p>\n","protected":false},"author":3,"featured_media":0,"comment_status":"open","ping_status":"closed","sticky":false,"template":"","format":"standard","meta":{"footnotes":""},"categories":[7],"tags":[],"class_list":["post-439","post","type-post","status-publish","format-standard","hentry","category-7"],"_links":{"self":[{"href":"https:\/\/sy-mora.de\/index.php?rest_route=\/wp\/v2\/posts\/439","targetHints":{"allow":["GET"]}}],"collection":[{"href":"https:\/\/sy-mora.de\/index.php?rest_route=\/wp\/v2\/posts"}],"about":[{"href":"https:\/\/sy-mora.de\/index.php?rest_route=\/wp\/v2\/types\/post"}],"author":[{"embeddable":true,"href":"https:\/\/sy-mora.de\/index.php?rest_route=\/wp\/v2\/users\/3"}],"replies":[{"embeddable":true,"href":"https:\/\/sy-mora.de\/index.php?rest_route=%2Fwp%2Fv2%2Fcomments&post=439"}],"version-history":[{"count":7,"href":"https:\/\/sy-mora.de\/index.php?rest_route=\/wp\/v2\/posts\/439\/revisions"}],"predecessor-version":[{"id":455,"href":"https:\/\/sy-mora.de\/index.php?rest_route=\/wp\/v2\/posts\/439\/revisions\/455"}],"wp:attachment":[{"href":"https:\/\/sy-mora.de\/index.php?rest_route=%2Fwp%2Fv2%2Fmedia&parent=439"}],"wp:term":[{"taxonomy":"category","embeddable":true,"href":"https:\/\/sy-mora.de\/index.php?rest_route=%2Fwp%2Fv2%2Fcategories&post=439"},{"taxonomy":"post_tag","embeddable":true,"href":"https:\/\/sy-mora.de\/index.php?rest_route=%2Fwp%2Fv2%2Ftags&post=439"}],"curies":[{"name":"wp","href":"https:\/\/api.w.org\/{rel}","templated":true}]}}