{"id":510,"date":"2015-07-10T22:30:25","date_gmt":"2015-07-10T21:30:25","guid":{"rendered":"http:\/\/sy-mora.de\/?p=510"},"modified":"2015-07-10T22:48:49","modified_gmt":"2015-07-10T21:48:49","slug":"krantermin-ais-funkgeraet-familiensegeln-und-windsteuerung","status":"publish","type":"post","link":"https:\/\/sy-mora.de\/?p=510","title":{"rendered":"Krantermin, AIS, Funkger\u00e4t, Familiensegeln und Windsteuerung"},"content":{"rendered":"<p>In den letzten Wochen ist so einiges passiert. Und bevor es in unseren Sommerurlaub geht will ich noch ein kleines Update f\u00fcr den Blog schreiben. Seit dem 06.06. schwimmt mora wieder im Wasser. Das Kranen verlief ohne Probleme, die Bilge ist trocken geblieben \ud83d\ude42 , der Mast ist gestellt und die Segel sind angeschlagen. Als n\u00e4chstes hatte ich unser neues AIS angeschlossen. Leider nur mit m\u00e4\u00dfigem Erfolg. Die AIS Signale wurden gesendet und auch die Positionen der anderen Schiffe konnte ich erkennen, nur bei unserem UKW Funk blieb es verd\u00e4chtig ruhig. Nach einer Analyse stand fest: der Splitter ist defekt. Also kurzerhand das Montagsger\u00e4t wieder zum H\u00e4ndler gesendet und umgetauscht. Mit 2 Wochen Verz\u00f6gerung l\u00e4uft jetzt AIS und UKW Funk. Als Funkger\u00e4t dient z.Zt. wohl nur das Handfunkger\u00e4t. Das fest installierte hat 2 Wochen vor Ende der Garantie seinen Dienst quittiert. Was f\u00fcr ein Gl\u00fcck das der H\u00e4ndler <a href=\"http:\/\/www.svb.de\" target=\"_blank\">SVB<\/a> uns f\u00fcr die Zeit des Sommerurlaubs ein Ersatzger\u00e4t zur Verf\u00fcgung stellen wird. Aber besser jetzt einen Ausfall der Technik als dann auf gro\u00dfer Fahrt nach Ablauf aller Garantieanspr\u00fcche! \ud83d\ude42 Nachdem ich einige Stunden mit Werkzeug und Messger\u00e4ten verbracht hatte wollte Moni nun aber endlich auch mal wieder Segeln. Die erste Fahrt der Saison ging nach K\u00fchlungsborn. 7kn Wind von schr\u00e4g achtern und 4kn Fahrt zum Ziel bei Sonnenschein, was will man mehr? In K\u00fcBo angekommen wurden wir schon von Eltern und Schwiegermutter erwartet. Unsere Familie wollte nun auch einmal das Gef\u00fchl der gro\u00dfen Freiheit auf einem Schiff erleben. \ud83d\ude42 Die gemeinsame Ausfahrt war aber erst in 2 Tagen geplant. Bei Windst\u00e4rke 1 bis 2. Es sollte ja alles sicher sein\u2026 Bis dahin vertrieben wir uns die Zeit mit einem Ausflug nach Warnem\u00fcnde. Immer wieder sch\u00f6n. Nach einer\u00a0kleinen Runde vor dem Hafen mit unserem Schiff war bei den Eltern &amp; Schwiegermutter aber eine ganz wichtige Erkenntnis gereift: Mit der geplanten Weltumseglung sollten wir wirklich nicht bis ins Rentenalter warten. Dann ist nicht mehr unbedingt jeder K\u00f6rper f\u00fcr die sportliche Herausforderung z.Bsp. beim Ab- und Anlegen geeignet. Auf diese Erkenntnis gab es dann frischen Erdbeerkuchen mit Espresso! Die R\u00fcckfahrt nach Fehmarn war am n\u00e4chstem Tag\u00a0mal wieder ein ganz gro\u00dfer Segelspa\u00df. Halber Wind mit 4 Bft und Rauschefahrt. So macht das Segeln Freude.<br \/>\nZwei Wochen sp\u00e4ter sind wir bereits wieder f\u00fcr ein verl\u00e4ngertes Wochenende zu unserer mora gefahren. Diesmal wollten wir die neue Windfahnensteuerung testen. Als Ziel hatten wir uns f\u00fcr Heiligenhafen entschieden. Aber nicht auf k\u00fcrzestem Wege sondern einmal um Fehmarn rum. Kurze Zusammenfassung: eine sehr sch\u00f6ne Fahrt mit anfangs 3 Bft, sp\u00e4ter nachlassendem Wind und zu guter letzt einer Stunde Fahrt unter Maschine. F\u00fcr die Windsteuerung war der Wind etwas wenig aber in den Grundz\u00fcgen haben wir das System verstanden und werden nun im Sommerurlaub weiter testen. In Heiligenhafen waren wir lecker Steak essen und sind zum Sonnenuntergang auf der Seebr\u00fccke gewesen. Diese ist wirklich sehr sch\u00f6n und empfehlenswert. Hoffentlich bleibt sie lange in solch einem tollen Zustand.<br \/>\nDas war es f\u00fcr diesmal mit den Neuigkeiten. Jetzt freuen wir uns auf 4 Wochen Segeln in der d\u00e4nischen, schwedischen und norwegischen Ostsee mit Fernziel Oslo. Mal sehen wie weit uns der Wind treibt. Dank des neuen Reiters <a href=\"https:\/\/sy-mora.de\/?page_id=477\">POSITION<\/a> auf der Webseite k\u00f6nnt ihr den Verlauf der Route sogar hier im WEB verfolgen.<\/p>\n<div id=\"attachment_515\" style=\"width: 635px\" class=\"wp-caption alignleft\"><img loading=\"lazy\" decoding=\"async\" aria-describedby=\"caption-attachment-515\" class=\"size-large wp-image-515\" src=\"https:\/\/sy-mora.de\/wp-content\/uploads\/2015\/07\/IMG_1136-1024x768.jpg\" alt=\"fast am Kran\" width=\"625\" height=\"469\" srcset=\"https:\/\/sy-mora.de\/wp-content\/uploads\/2015\/07\/IMG_1136-1024x768.jpg 1024w, https:\/\/sy-mora.de\/wp-content\/uploads\/2015\/07\/IMG_1136-300x225.jpg 300w, https:\/\/sy-mora.de\/wp-content\/uploads\/2015\/07\/IMG_1136-624x468.jpg 624w\" sizes=\"auto, (max-width: 625px) 100vw, 625px\" \/><p id=\"caption-attachment-515\" class=\"wp-caption-text\">fast am Kran<\/p><\/div>\n<div id=\"attachment_516\" style=\"width: 635px\" class=\"wp-caption alignleft\"><img loading=\"lazy\" decoding=\"async\" aria-describedby=\"caption-attachment-516\" class=\"size-large wp-image-516\" src=\"https:\/\/sy-mora.de\/wp-content\/uploads\/2015\/07\/IMG_1176-1024x768.jpg\" alt=\"Familie\" width=\"625\" height=\"469\" srcset=\"https:\/\/sy-mora.de\/wp-content\/uploads\/2015\/07\/IMG_1176-1024x768.jpg 1024w, https:\/\/sy-mora.de\/wp-content\/uploads\/2015\/07\/IMG_1176-300x225.jpg 300w, https:\/\/sy-mora.de\/wp-content\/uploads\/2015\/07\/IMG_1176-624x468.jpg 624w\" sizes=\"auto, (max-width: 625px) 100vw, 625px\" \/><p id=\"caption-attachment-516\" class=\"wp-caption-text\">Familie<\/p><\/div>\n<div id=\"attachment_517\" style=\"width: 635px\" class=\"wp-caption alignleft\"><img loading=\"lazy\" decoding=\"async\" aria-describedby=\"caption-attachment-517\" class=\"size-large wp-image-517\" src=\"https:\/\/sy-mora.de\/wp-content\/uploads\/2015\/07\/IMG_1179-1024x768.jpg\" alt=\"Familie\" width=\"625\" height=\"469\" srcset=\"https:\/\/sy-mora.de\/wp-content\/uploads\/2015\/07\/IMG_1179-1024x768.jpg 1024w, https:\/\/sy-mora.de\/wp-content\/uploads\/2015\/07\/IMG_1179-300x225.jpg 300w, https:\/\/sy-mora.de\/wp-content\/uploads\/2015\/07\/IMG_1179-624x468.jpg 624w\" sizes=\"auto, (max-width: 625px) 100vw, 625px\" \/><p id=\"caption-attachment-517\" class=\"wp-caption-text\">Familie<\/p><\/div>\n<div id=\"attachment_518\" style=\"width: 635px\" class=\"wp-caption alignleft\"><img loading=\"lazy\" decoding=\"async\" aria-describedby=\"caption-attachment-518\" class=\"size-large wp-image-518\" src=\"https:\/\/sy-mora.de\/wp-content\/uploads\/2015\/07\/IMG_1186-1024x768.jpg\" alt=\"Supersegeltag\" width=\"625\" height=\"469\" srcset=\"https:\/\/sy-mora.de\/wp-content\/uploads\/2015\/07\/IMG_1186-1024x768.jpg 1024w, https:\/\/sy-mora.de\/wp-content\/uploads\/2015\/07\/IMG_1186-300x225.jpg 300w, https:\/\/sy-mora.de\/wp-content\/uploads\/2015\/07\/IMG_1186-624x468.jpg 624w\" sizes=\"auto, (max-width: 625px) 100vw, 625px\" \/><p id=\"caption-attachment-518\" class=\"wp-caption-text\">Supersegeltag<\/p><\/div>\n","protected":false},"excerpt":{"rendered":"<p>In den letzten Wochen ist so einiges passiert. Und bevor es in unseren Sommerurlaub geht will ich noch ein kleines Update f\u00fcr den Blog schreiben. Seit dem 06.06. schwimmt mora wieder im Wasser. Das Kranen verlief ohne Probleme, die Bilge ist trocken geblieben \ud83d\ude42 , der Mast ist gestellt und die Segel sind angeschlagen. Als [&hellip;]<\/p>\n","protected":false},"author":3,"featured_media":0,"comment_status":"open","ping_status":"closed","sticky":false,"template":"","format":"standard","meta":{"footnotes":""},"categories":[7],"tags":[],"class_list":["post-510","post","type-post","status-publish","format-standard","hentry","category-7"],"_links":{"self":[{"href":"https:\/\/sy-mora.de\/index.php?rest_route=\/wp\/v2\/posts\/510","targetHints":{"allow":["GET"]}}],"collection":[{"href":"https:\/\/sy-mora.de\/index.php?rest_route=\/wp\/v2\/posts"}],"about":[{"href":"https:\/\/sy-mora.de\/index.php?rest_route=\/wp\/v2\/types\/post"}],"author":[{"embeddable":true,"href":"https:\/\/sy-mora.de\/index.php?rest_route=\/wp\/v2\/users\/3"}],"replies":[{"embeddable":true,"href":"https:\/\/sy-mora.de\/index.php?rest_route=%2Fwp%2Fv2%2Fcomments&post=510"}],"version-history":[{"count":7,"href":"https:\/\/sy-mora.de\/index.php?rest_route=\/wp\/v2\/posts\/510\/revisions"}],"predecessor-version":[{"id":521,"href":"https:\/\/sy-mora.de\/index.php?rest_route=\/wp\/v2\/posts\/510\/revisions\/521"}],"wp:attachment":[{"href":"https:\/\/sy-mora.de\/index.php?rest_route=%2Fwp%2Fv2%2Fmedia&parent=510"}],"wp:term":[{"taxonomy":"category","embeddable":true,"href":"https:\/\/sy-mora.de\/index.php?rest_route=%2Fwp%2Fv2%2Fcategories&post=510"},{"taxonomy":"post_tag","embeddable":true,"href":"https:\/\/sy-mora.de\/index.php?rest_route=%2Fwp%2Fv2%2Ftags&post=510"}],"curies":[{"name":"wp","href":"https:\/\/api.w.org\/{rel}","templated":true}]}}