{"id":652,"date":"2015-11-11T22:33:52","date_gmt":"2015-11-11T21:33:52","guid":{"rendered":"http:\/\/sy-mora.de\/?p=652"},"modified":"2015-11-11T23:01:21","modified_gmt":"2015-11-11T22:01:21","slug":"saisonende-und-baubeginn","status":"publish","type":"post","link":"https:\/\/sy-mora.de\/?p=652","title":{"rendered":"Saisonende&#8230; und Baubeginn"},"content":{"rendered":"<p>Was in den letzten Monaten geschah:<\/p>\n<p>Bei uns war schon am 22. August der Termin f\u00fcr das Auskranen der mora. Wir hatten in diesem Jahr keine Zeit mehr zum Segeln. Die restlichen Urlaubstage waren f\u00fcr Arbeiten am Schiff reserviert. Mittlerweile sind wir schon richtige Auskranprofis. 10 Uhr Krantermin &#8211; 11 Uhr mit mora bei Claussens auf dem Hof, Unterwasserschiff reinigen und Motor winterfest machen &#8211; 12 Uhr an den Mast, die Wanten ab- und saubermachen &#8211;\u00a014 Uhr letzter Kontrollgang, Auto voll laden und ab nach Hause.\u00a0Das war\u00b4s.<\/p>\n<div id=\"attachment_654\" style=\"width: 635px\" class=\"wp-caption alignleft\"><img loading=\"lazy\" decoding=\"async\" aria-describedby=\"caption-attachment-654\" class=\"size-large wp-image-654\" src=\"https:\/\/sy-mora.de\/wp-content\/uploads\/2015\/11\/1_am-Kran-1024x768.jpg\" alt=\"fertig zum Kranen\" width=\"625\" height=\"469\" srcset=\"https:\/\/sy-mora.de\/wp-content\/uploads\/2015\/11\/1_am-Kran-1024x768.jpg 1024w, https:\/\/sy-mora.de\/wp-content\/uploads\/2015\/11\/1_am-Kran-300x225.jpg 300w, https:\/\/sy-mora.de\/wp-content\/uploads\/2015\/11\/1_am-Kran-624x468.jpg 624w, https:\/\/sy-mora.de\/wp-content\/uploads\/2015\/11\/1_am-Kran.jpg 1280w\" sizes=\"auto, (max-width: 625px) 100vw, 625px\" \/><p id=\"caption-attachment-654\" class=\"wp-caption-text\">fertig zum Kranen<\/p><\/div>\n<div id=\"attachment_655\" style=\"width: 635px\" class=\"wp-caption alignleft\"><img loading=\"lazy\" decoding=\"async\" aria-describedby=\"caption-attachment-655\" class=\"size-large wp-image-655\" src=\"https:\/\/sy-mora.de\/wp-content\/uploads\/2015\/11\/2_auf-der-Strasse--1024x768.jpg\" alt=\"breite H\u00fcfte\" width=\"625\" height=\"469\" srcset=\"https:\/\/sy-mora.de\/wp-content\/uploads\/2015\/11\/2_auf-der-Strasse--1024x768.jpg 1024w, https:\/\/sy-mora.de\/wp-content\/uploads\/2015\/11\/2_auf-der-Strasse--300x225.jpg 300w, https:\/\/sy-mora.de\/wp-content\/uploads\/2015\/11\/2_auf-der-Strasse--624x468.jpg 624w, https:\/\/sy-mora.de\/wp-content\/uploads\/2015\/11\/2_auf-der-Strasse-.jpg 1280w\" sizes=\"auto, (max-width: 625px) 100vw, 625px\" \/><p id=\"caption-attachment-655\" class=\"wp-caption-text\">breite H\u00fcfte<\/p><\/div>\n<div id=\"attachment_656\" style=\"width: 635px\" class=\"wp-caption alignleft\"><img loading=\"lazy\" decoding=\"async\" aria-describedby=\"caption-attachment-656\" class=\"size-large wp-image-656\" src=\"https:\/\/sy-mora.de\/wp-content\/uploads\/2015\/11\/3_am-Waschplatz-1024x768.jpg\" alt=\"eine letzte Dusche f\u00fcr 2015\" width=\"625\" height=\"469\" srcset=\"https:\/\/sy-mora.de\/wp-content\/uploads\/2015\/11\/3_am-Waschplatz-1024x768.jpg 1024w, https:\/\/sy-mora.de\/wp-content\/uploads\/2015\/11\/3_am-Waschplatz-300x225.jpg 300w, https:\/\/sy-mora.de\/wp-content\/uploads\/2015\/11\/3_am-Waschplatz-624x468.jpg 624w, https:\/\/sy-mora.de\/wp-content\/uploads\/2015\/11\/3_am-Waschplatz.jpg 1280w\" sizes=\"auto, (max-width: 625px) 100vw, 625px\" \/><p id=\"caption-attachment-656\" class=\"wp-caption-text\">eine letzte Dusche f\u00fcr 2015<\/p><\/div>\n<p>Vom 12. bis 19. September waren wir wieder auf Fehmarn. Jetzt starteten unsere umfangreichen Refit Ma\u00dfnahmen f\u00fcr die Weltumseglung. Am Sonntag und Montag wurden alle P\u00fcttinge, Genuaschienen, Traveler, Ankerwinsch und L\u00fcfter abgebaut und wir begannen damit die Schrauben vom Deck zu entfernen. Das klingt alles ganz einfach, aber nur um die P\u00fcttinge zu entfernen musste das halbe Boot auseinandergenommen und der F\u00e4kalientank ausgebaut werden und f\u00fcr das Abschrauben der Genuaschienen haben wir einen Teil der Decke im Salon demontiert. Hoffentlich passt am Ende wieder alles an seinen alten Platz. \ud83d\ude42 Da wir den F\u00e4kalientank nun schon einmal ausgebaut hatten, haben wir uns gleich f\u00fcr einen Neuen aus Kunststoff entschieden &#8211; etwas kleiner als der Alte. So haben wir in Zukunft mehr Stauraum im Bad. Bis Dienstag war ich mit dem Freilegen der Schrauben f\u00fcr das alte Teak besch\u00e4ftigt. Erst den Holzpfropfen entfernen, dann mit einem K\u00f6rner den Kleber aus dem Schraubenkopf schlagen und nun die Schraube ausdrehen. Das ganze \u00fcber 2000 mal. Das macht Spa\u00df!! Danach haben wir angefangen das Teak abzurei\u00dfen \u2013 das tat uns in der Seele weh und am Ende der Woche schmerzten alle zum K\u00f6rper geh\u00f6renden Knochen &amp; Muskeln. F\u00fcr jeden der solch eine Arbeit selbst einmal plant: das wichtigste Werkzeug neben Hammer und Brecheisen war das Multitool von Fein. Am Freitag Abend hatten wir das gesamt Laufdeck vom Teak befreit. Der Rest sollte sp\u00e4ter dran kommen. Samstagmorgen sind wir mit voll bepacktem Auto wieder nach Hause gefahren und haben uns von den Anstrengungen der letzten Tage erholt.<\/p>\n<div id=\"attachment_657\" style=\"width: 635px\" class=\"wp-caption alignleft\"><img loading=\"lazy\" decoding=\"async\" aria-describedby=\"caption-attachment-657\" class=\"size-large wp-image-657\" src=\"https:\/\/sy-mora.de\/wp-content\/uploads\/2015\/11\/4_Genuaschiene-1024x768.jpg\" alt=\"Schrauben der Genuaschiene von unten\" width=\"625\" height=\"469\" srcset=\"https:\/\/sy-mora.de\/wp-content\/uploads\/2015\/11\/4_Genuaschiene-1024x768.jpg 1024w, https:\/\/sy-mora.de\/wp-content\/uploads\/2015\/11\/4_Genuaschiene-300x225.jpg 300w, https:\/\/sy-mora.de\/wp-content\/uploads\/2015\/11\/4_Genuaschiene-624x468.jpg 624w, https:\/\/sy-mora.de\/wp-content\/uploads\/2015\/11\/4_Genuaschiene.jpg 1280w\" sizes=\"auto, (max-width: 625px) 100vw, 625px\" \/><p id=\"caption-attachment-657\" class=\"wp-caption-text\">Schrauben der Genuaschiene von unten<\/p><\/div>\n<div id=\"attachment_658\" style=\"width: 635px\" class=\"wp-caption alignleft\"><img loading=\"lazy\" decoding=\"async\" aria-describedby=\"caption-attachment-658\" class=\"size-large wp-image-658\" src=\"https:\/\/sy-mora.de\/wp-content\/uploads\/2015\/11\/5_Holzpfropfen-1024x768.jpg\" alt=\"tausende Holzpfropfen\" width=\"625\" height=\"469\" srcset=\"https:\/\/sy-mora.de\/wp-content\/uploads\/2015\/11\/5_Holzpfropfen-1024x768.jpg 1024w, https:\/\/sy-mora.de\/wp-content\/uploads\/2015\/11\/5_Holzpfropfen-300x225.jpg 300w, https:\/\/sy-mora.de\/wp-content\/uploads\/2015\/11\/5_Holzpfropfen-624x468.jpg 624w, https:\/\/sy-mora.de\/wp-content\/uploads\/2015\/11\/5_Holzpfropfen.jpg 1280w\" sizes=\"auto, (max-width: 625px) 100vw, 625px\" \/><p id=\"caption-attachment-658\" class=\"wp-caption-text\">tausende Holzpfropfen<\/p><\/div>\n<div id=\"attachment_659\" style=\"width: 635px\" class=\"wp-caption alignleft\"><img loading=\"lazy\" decoding=\"async\" aria-describedby=\"caption-attachment-659\" class=\"size-large wp-image-659\" src=\"https:\/\/sy-mora.de\/wp-content\/uploads\/2015\/11\/6_P\u00fctting-768x1024.jpg\" alt=\"P\u00fcttingeisen im Salon - Zeit zum Entfernen der Verkleidung &gt; 30 min\" width=\"625\" height=\"833\" srcset=\"https:\/\/sy-mora.de\/wp-content\/uploads\/2015\/11\/6_P\u00fctting.jpg 768w, https:\/\/sy-mora.de\/wp-content\/uploads\/2015\/11\/6_P\u00fctting-225x300.jpg 225w, https:\/\/sy-mora.de\/wp-content\/uploads\/2015\/11\/6_P\u00fctting-624x832.jpg 624w\" sizes=\"auto, (max-width: 625px) 100vw, 625px\" \/><p id=\"caption-attachment-659\" class=\"wp-caption-text\">P\u00fcttingeisen im Salon &#8211; Zeit zum Entfernen der Verkleidung &gt; 30 min<\/p><\/div>\n<div id=\"attachment_660\" style=\"width: 635px\" class=\"wp-caption alignleft\"><img loading=\"lazy\" decoding=\"async\" aria-describedby=\"caption-attachment-660\" class=\"size-large wp-image-660\" src=\"https:\/\/sy-mora.de\/wp-content\/uploads\/2015\/11\/7_F\u00e4kalientank-1024x768.jpg\" alt=\"der alte F\u00e4kalientank ist im Weg\" width=\"625\" height=\"469\" srcset=\"https:\/\/sy-mora.de\/wp-content\/uploads\/2015\/11\/7_F\u00e4kalientank-1024x768.jpg 1024w, https:\/\/sy-mora.de\/wp-content\/uploads\/2015\/11\/7_F\u00e4kalientank-300x225.jpg 300w, https:\/\/sy-mora.de\/wp-content\/uploads\/2015\/11\/7_F\u00e4kalientank-624x468.jpg 624w, https:\/\/sy-mora.de\/wp-content\/uploads\/2015\/11\/7_F\u00e4kalientank.jpg 1280w\" sizes=\"auto, (max-width: 625px) 100vw, 625px\" \/><p id=\"caption-attachment-660\" class=\"wp-caption-text\">der alte F\u00e4kalientank ist im Weg<\/p><\/div>\n<div id=\"attachment_661\" style=\"width: 635px\" class=\"wp-caption alignleft\"><img loading=\"lazy\" decoding=\"async\" aria-describedby=\"caption-attachment-661\" class=\"size-large wp-image-661\" src=\"https:\/\/sy-mora.de\/wp-content\/uploads\/2015\/11\/8_1-12-Zoll-Rohr-1024x768.jpg\" alt=\"ein 1 1\/2 &quot; Rohr voller Schei... :-)\" width=\"625\" height=\"469\" srcset=\"https:\/\/sy-mora.de\/wp-content\/uploads\/2015\/11\/8_1-12-Zoll-Rohr-1024x768.jpg 1024w, https:\/\/sy-mora.de\/wp-content\/uploads\/2015\/11\/8_1-12-Zoll-Rohr-300x225.jpg 300w, https:\/\/sy-mora.de\/wp-content\/uploads\/2015\/11\/8_1-12-Zoll-Rohr-624x468.jpg 624w, https:\/\/sy-mora.de\/wp-content\/uploads\/2015\/11\/8_1-12-Zoll-Rohr.jpg 1280w\" sizes=\"auto, (max-width: 625px) 100vw, 625px\" \/><p id=\"caption-attachment-661\" class=\"wp-caption-text\">ein 1 1\/2 &#8220; Rohr voller Schei&#8230; \ud83d\ude42<\/p><\/div>\n<div id=\"attachment_662\" style=\"width: 635px\" class=\"wp-caption alignleft\"><img loading=\"lazy\" decoding=\"async\" aria-describedby=\"caption-attachment-662\" class=\"size-large wp-image-662\" src=\"https:\/\/sy-mora.de\/wp-content\/uploads\/2015\/11\/9_Tank-bemasst-1024x768.jpg\" alt=\"der neue Tank wird 20 cm flacher - und so ist Platz f\u00fcr ein Regalfach\" width=\"625\" height=\"469\" srcset=\"https:\/\/sy-mora.de\/wp-content\/uploads\/2015\/11\/9_Tank-bemasst-1024x768.jpg 1024w, https:\/\/sy-mora.de\/wp-content\/uploads\/2015\/11\/9_Tank-bemasst-300x225.jpg 300w, https:\/\/sy-mora.de\/wp-content\/uploads\/2015\/11\/9_Tank-bemasst-624x468.jpg 624w, https:\/\/sy-mora.de\/wp-content\/uploads\/2015\/11\/9_Tank-bemasst.jpg 1280w\" sizes=\"auto, (max-width: 625px) 100vw, 625px\" \/><p id=\"caption-attachment-662\" class=\"wp-caption-text\">der neue Tank wird 20 cm flacher &#8211; und so ist Platz f\u00fcr ein Regalfach<\/p><\/div>\n<div id=\"attachment_663\" style=\"width: 635px\" class=\"wp-caption alignleft\"><img loading=\"lazy\" decoding=\"async\" aria-describedby=\"caption-attachment-663\" class=\"size-large wp-image-663\" src=\"https:\/\/sy-mora.de\/wp-content\/uploads\/2015\/11\/10_Holzpfropfen2-1024x768.jpg\" alt=\"noch gibt es genug Holzpfropfen\" width=\"625\" height=\"469\" srcset=\"https:\/\/sy-mora.de\/wp-content\/uploads\/2015\/11\/10_Holzpfropfen2-1024x768.jpg 1024w, https:\/\/sy-mora.de\/wp-content\/uploads\/2015\/11\/10_Holzpfropfen2-300x225.jpg 300w, https:\/\/sy-mora.de\/wp-content\/uploads\/2015\/11\/10_Holzpfropfen2-624x468.jpg 624w, https:\/\/sy-mora.de\/wp-content\/uploads\/2015\/11\/10_Holzpfropfen2.jpg 1280w\" sizes=\"auto, (max-width: 625px) 100vw, 625px\" \/><p id=\"caption-attachment-663\" class=\"wp-caption-text\">noch gibt es genug Holzpfropfen<\/p><\/div>\n<div id=\"attachment_664\" style=\"width: 635px\" class=\"wp-caption alignleft\"><img loading=\"lazy\" decoding=\"async\" aria-describedby=\"caption-attachment-664\" class=\"size-large wp-image-664\" src=\"https:\/\/sy-mora.de\/wp-content\/uploads\/2015\/11\/11_Teak-Abriss-1024x768.jpg\" alt=\"das tut weh...\" width=\"625\" height=\"469\" srcset=\"https:\/\/sy-mora.de\/wp-content\/uploads\/2015\/11\/11_Teak-Abriss-1024x768.jpg 1024w, https:\/\/sy-mora.de\/wp-content\/uploads\/2015\/11\/11_Teak-Abriss-300x225.jpg 300w, https:\/\/sy-mora.de\/wp-content\/uploads\/2015\/11\/11_Teak-Abriss-624x468.jpg 624w, https:\/\/sy-mora.de\/wp-content\/uploads\/2015\/11\/11_Teak-Abriss.jpg 1280w\" sizes=\"auto, (max-width: 625px) 100vw, 625px\" \/><p id=\"caption-attachment-664\" class=\"wp-caption-text\">das tut weh&#8230;<\/p><\/div>\n<div id=\"attachment_665\" style=\"width: 635px\" class=\"wp-caption alignleft\"><img loading=\"lazy\" decoding=\"async\" aria-describedby=\"caption-attachment-665\" class=\"size-large wp-image-665\" src=\"https:\/\/sy-mora.de\/wp-content\/uploads\/2015\/11\/12_Teak-Abriss2-768x1024.jpg\" alt=\"noch gut gelaunt\" width=\"625\" height=\"833\" srcset=\"https:\/\/sy-mora.de\/wp-content\/uploads\/2015\/11\/12_Teak-Abriss2.jpg 768w, https:\/\/sy-mora.de\/wp-content\/uploads\/2015\/11\/12_Teak-Abriss2-225x300.jpg 225w, https:\/\/sy-mora.de\/wp-content\/uploads\/2015\/11\/12_Teak-Abriss2-624x832.jpg 624w\" sizes=\"auto, (max-width: 625px) 100vw, 625px\" \/><p id=\"caption-attachment-665\" class=\"wp-caption-text\">noch gut gelaunt<\/p><\/div>\n<div id=\"attachment_666\" style=\"width: 635px\" class=\"wp-caption alignleft\"><img loading=\"lazy\" decoding=\"async\" aria-describedby=\"caption-attachment-666\" class=\"size-large wp-image-666\" src=\"https:\/\/sy-mora.de\/wp-content\/uploads\/2015\/11\/13_Kollateralschaden-1024x768.jpg\" alt=\"...hier muss im Fr\u00fchjahr gespachtelt werden!\" width=\"625\" height=\"469\" srcset=\"https:\/\/sy-mora.de\/wp-content\/uploads\/2015\/11\/13_Kollateralschaden-1024x768.jpg 1024w, https:\/\/sy-mora.de\/wp-content\/uploads\/2015\/11\/13_Kollateralschaden-300x225.jpg 300w, https:\/\/sy-mora.de\/wp-content\/uploads\/2015\/11\/13_Kollateralschaden-624x468.jpg 624w, https:\/\/sy-mora.de\/wp-content\/uploads\/2015\/11\/13_Kollateralschaden.jpg 1280w\" sizes=\"auto, (max-width: 625px) 100vw, 625px\" \/><p id=\"caption-attachment-666\" class=\"wp-caption-text\">&#8230;hier muss im Fr\u00fchjahr gespachtelt werden!<\/p><\/div>\n<div id=\"attachment_667\" style=\"width: 635px\" class=\"wp-caption alignleft\"><img loading=\"lazy\" decoding=\"async\" aria-describedby=\"caption-attachment-667\" class=\"size-large wp-image-667\" src=\"https:\/\/sy-mora.de\/wp-content\/uploads\/2015\/11\/14_Ende-Woche-1-768x1024.jpg\" alt=\"die erste Woche geht zu Ende\" width=\"625\" height=\"833\" srcset=\"https:\/\/sy-mora.de\/wp-content\/uploads\/2015\/11\/14_Ende-Woche-1.jpg 768w, https:\/\/sy-mora.de\/wp-content\/uploads\/2015\/11\/14_Ende-Woche-1-225x300.jpg 225w, https:\/\/sy-mora.de\/wp-content\/uploads\/2015\/11\/14_Ende-Woche-1-624x832.jpg 624w\" sizes=\"auto, (max-width: 625px) 100vw, 625px\" \/><p id=\"caption-attachment-667\" class=\"wp-caption-text\">die erste Woche geht zu Ende<\/p><\/div>\n<p>&nbsp;<\/p>\n<p>Am 10. Oktober ging es f\u00fcr eine Woche weiter auf unserer mora-Baustelle: diverse Deckel und der obere Bereich um den Mast herum sowie der Aufbau \u00fcber der Eignerkammer mussten noch vom alten Teak befreit werden. Die daf\u00fcr geplante Zeit hatten wir mit 4 Tagen gro\u00dfz\u00fcgig angesetzt. So hielt sich der Muskelkater in Grenzen. Am Donnerstag kam p\u00fcnktlich um 9:00 Uhr <a href=\"http:\/\/www.ubben-decks.de\" target=\"_blank\">Herr Ubben <\/a>um die Schablone f\u00fcr das neue Laufdeck aus <a href=\"http:\/\/www.flexiteek.com\" target=\"_blank\">Flexiteek<\/a> anzufertigen. Wir hatten uns f\u00fcr das Material entschieden weil a: richtiges Teak viel zu teuer und b: unser altes Teak zu d\u00fcnn und abgenutzt f\u00fcr ein weiteres Schleifen war. Mit dem Flexiteek haben wir nun hoffentlich ein f\u00fcr alle mal Ruhe. \ud83d\ude42 Mit dem Anfertigen der Schablone begann auch\u00a0endlich der Neuaufbau vom Deck und so war es f\u00fcr uns ein wichtiges Ereignis. W\u00e4hrend Hr. Ubben an Deck jede Rundung und jeden Beschlag in die Schablone eingearbeitet hat, haben wir das Trinkwasser System frostsicher gemacht und auch noch unseren Dieseltank gereinigt. Bei einer Pr\u00fcfung durch das Inspections-Luck war am Boden eine schwarze, klebrige Masse aufgetaucht. Zum Gl\u00fcck hatten wir bisher noch keine Probleme mit verstopften Leitungen. In der n\u00e4chsten Saison werden wir die doppelte Menge Grotamar 82 zum Diesel hinzuf\u00fcgen. \ud83d\ude41\u00a0Den Freitag verbrachten wir mit der Planung f\u00fcr das neue (gr\u00f6\u00dfere) Batteriefach und f\u00fcr den Ger\u00e4tetr\u00e4ger. Am Samstag ging es zur\u00fcck nach Solingen und Ralph war froh wieder am Schreibtisch, weitab von k\u00f6rperlicher Arbeit, zu sein.<\/p>\n<div id=\"attachment_668\" style=\"width: 635px\" class=\"wp-caption alignleft\"><img loading=\"lazy\" decoding=\"async\" aria-describedby=\"caption-attachment-668\" class=\"size-large wp-image-668\" src=\"https:\/\/sy-mora.de\/wp-content\/uploads\/2015\/11\/15_Geschafft-1024x768.jpg\" alt=\"geschafft\" width=\"625\" height=\"469\" srcset=\"https:\/\/sy-mora.de\/wp-content\/uploads\/2015\/11\/15_Geschafft-1024x768.jpg 1024w, https:\/\/sy-mora.de\/wp-content\/uploads\/2015\/11\/15_Geschafft-300x225.jpg 300w, https:\/\/sy-mora.de\/wp-content\/uploads\/2015\/11\/15_Geschafft-624x468.jpg 624w, https:\/\/sy-mora.de\/wp-content\/uploads\/2015\/11\/15_Geschafft.jpg 1280w\" sizes=\"auto, (max-width: 625px) 100vw, 625px\" \/><p id=\"caption-attachment-668\" class=\"wp-caption-text\">geschafft<\/p><\/div>\n<div id=\"attachment_669\" style=\"width: 635px\" class=\"wp-caption alignleft\"><img loading=\"lazy\" decoding=\"async\" aria-describedby=\"caption-attachment-669\" class=\"size-large wp-image-669\" src=\"https:\/\/sy-mora.de\/wp-content\/uploads\/2015\/11\/16_Schablone-1024x768.jpg\" alt=\"die Schablone am Vorschiff\" width=\"625\" height=\"469\" srcset=\"https:\/\/sy-mora.de\/wp-content\/uploads\/2015\/11\/16_Schablone-1024x768.jpg 1024w, https:\/\/sy-mora.de\/wp-content\/uploads\/2015\/11\/16_Schablone-300x225.jpg 300w, https:\/\/sy-mora.de\/wp-content\/uploads\/2015\/11\/16_Schablone-624x468.jpg 624w, https:\/\/sy-mora.de\/wp-content\/uploads\/2015\/11\/16_Schablone.jpg 1280w\" sizes=\"auto, (max-width: 625px) 100vw, 625px\" \/><p id=\"caption-attachment-669\" class=\"wp-caption-text\">die Schablone am Vorschiff<\/p><\/div>\n<div id=\"attachment_670\" style=\"width: 635px\" class=\"wp-caption alignleft\"><img loading=\"lazy\" decoding=\"async\" aria-describedby=\"caption-attachment-670\" class=\"size-large wp-image-670\" src=\"https:\/\/sy-mora.de\/wp-content\/uploads\/2015\/11\/17_Dieselpest-1024x768.jpg\" alt=\"Dieselpest oder was??\" width=\"625\" height=\"469\" srcset=\"https:\/\/sy-mora.de\/wp-content\/uploads\/2015\/11\/17_Dieselpest-1024x768.jpg 1024w, https:\/\/sy-mora.de\/wp-content\/uploads\/2015\/11\/17_Dieselpest-300x225.jpg 300w, https:\/\/sy-mora.de\/wp-content\/uploads\/2015\/11\/17_Dieselpest-624x468.jpg 624w, https:\/\/sy-mora.de\/wp-content\/uploads\/2015\/11\/17_Dieselpest.jpg 1280w\" sizes=\"auto, (max-width: 625px) 100vw, 625px\" \/><p id=\"caption-attachment-670\" class=\"wp-caption-text\">Dieselpest oder was??<\/p><\/div>\n<div id=\"attachment_671\" style=\"width: 635px\" class=\"wp-caption alignleft\"><img loading=\"lazy\" decoding=\"async\" aria-describedby=\"caption-attachment-671\" class=\"size-large wp-image-671\" src=\"https:\/\/sy-mora.de\/wp-content\/uploads\/2015\/11\/18_Ger\u00e4tetr\u00e4ger-768x1024.jpg\" alt=\"der Winkel f\u00fcr den Ger\u00e4tetr\u00e4ger wird festgelegt\" width=\"625\" height=\"833\" srcset=\"https:\/\/sy-mora.de\/wp-content\/uploads\/2015\/11\/18_Ger\u00e4tetr\u00e4ger.jpg 768w, https:\/\/sy-mora.de\/wp-content\/uploads\/2015\/11\/18_Ger\u00e4tetr\u00e4ger-225x300.jpg 225w, https:\/\/sy-mora.de\/wp-content\/uploads\/2015\/11\/18_Ger\u00e4tetr\u00e4ger-624x832.jpg 624w\" sizes=\"auto, (max-width: 625px) 100vw, 625px\" \/><p id=\"caption-attachment-671\" class=\"wp-caption-text\">der Winkel f\u00fcr den Ger\u00e4tetr\u00e4ger wird festgelegt<\/p><\/div>\n<p>Nun ist schon wieder\u00a0November und wir befinden uns mitten in der Planungszeit. Der Ger\u00e4tetr\u00e4ger sowie die Halterung f\u00fcr die Rettungsinsel sind bestellt, der neue F\u00e4kalientank ist in Auftrag gegeben, eine neue Matratze f\u00fcr die Achterkammer haben wir geordert. Viele kleine Dinge sind noch zu organisieren, zu bauen, zu beantragen und in Auftrag zu geben. Neue P\u00e4sse, Visum f\u00fcr USA, K\u00fcndigung von Abos und Vertr\u00e4gen&#8230; Ab jetzt m\u00fcssen jeden Monat wichtige Dinge erledigt werden, um sie von der To Do-Liste zu streichen. Die Zeit rast so schnell! Aber am n\u00e4chsten Wochenende werden wir erst einmal wieder ins Wasser gehen. Das Sicherheitstraining der SKU steht an. Mehr davon beim n\u00e4chsten Bericht hier auf unserer Seite.<\/p>\n<p>&nbsp;<\/p>\n<p>&nbsp;<\/p>\n","protected":false},"excerpt":{"rendered":"<p>Was in den letzten Monaten geschah: Bei uns war schon am 22. August der Termin f\u00fcr das Auskranen der mora. Wir hatten in diesem Jahr keine Zeit mehr zum Segeln. Die restlichen Urlaubstage waren f\u00fcr Arbeiten am Schiff reserviert. Mittlerweile sind wir schon richtige Auskranprofis. 10 Uhr Krantermin &#8211; 11 Uhr mit mora bei Claussens [&hellip;]<\/p>\n","protected":false},"author":4,"featured_media":0,"comment_status":"open","ping_status":"closed","sticky":false,"template":"","format":"standard","meta":{"footnotes":""},"categories":[7],"tags":[],"class_list":["post-652","post","type-post","status-publish","format-standard","hentry","category-7"],"_links":{"self":[{"href":"https:\/\/sy-mora.de\/index.php?rest_route=\/wp\/v2\/posts\/652","targetHints":{"allow":["GET"]}}],"collection":[{"href":"https:\/\/sy-mora.de\/index.php?rest_route=\/wp\/v2\/posts"}],"about":[{"href":"https:\/\/sy-mora.de\/index.php?rest_route=\/wp\/v2\/types\/post"}],"author":[{"embeddable":true,"href":"https:\/\/sy-mora.de\/index.php?rest_route=\/wp\/v2\/users\/4"}],"replies":[{"embeddable":true,"href":"https:\/\/sy-mora.de\/index.php?rest_route=%2Fwp%2Fv2%2Fcomments&post=652"}],"version-history":[{"count":4,"href":"https:\/\/sy-mora.de\/index.php?rest_route=\/wp\/v2\/posts\/652\/revisions"}],"predecessor-version":[{"id":674,"href":"https:\/\/sy-mora.de\/index.php?rest_route=\/wp\/v2\/posts\/652\/revisions\/674"}],"wp:attachment":[{"href":"https:\/\/sy-mora.de\/index.php?rest_route=%2Fwp%2Fv2%2Fmedia&parent=652"}],"wp:term":[{"taxonomy":"category","embeddable":true,"href":"https:\/\/sy-mora.de\/index.php?rest_route=%2Fwp%2Fv2%2Fcategories&post=652"},{"taxonomy":"post_tag","embeddable":true,"href":"https:\/\/sy-mora.de\/index.php?rest_route=%2Fwp%2Fv2%2Ftags&post=652"}],"curies":[{"name":"wp","href":"https:\/\/api.w.org\/{rel}","templated":true}]}}