{"id":678,"date":"2015-12-21T21:18:07","date_gmt":"2015-12-21T20:18:07","guid":{"rendered":"http:\/\/sy-mora.de\/?p=678"},"modified":"2015-12-21T21:32:54","modified_gmt":"2015-12-21T20:32:54","slug":"sicherheitstraining","status":"publish","type":"post","link":"https:\/\/sy-mora.de\/?p=678","title":{"rendered":"Sicherheitstraining"},"content":{"rendered":"<p>Am Samstag den 14. November haben wir bei der <a href=\"http:\/\/www.sku-duesseldorf.de\" target=\"_blank\">Segel Kameradschaft Unterbacher See<\/a> ein Sicherheitstraining besucht. Der Theorie Teil beinhaltet das Thema Sicherheit auf See, Hinweise zur Auswahl von Signal- und Rettungsmittel sowie die Kunde \u00fcber den Einsatz von Rettungsinseln.<\/p>\n<p>Aber die Theorie allein nutzt bekanntlich sehr wenig, wenn man nicht wei\u00df wie das in der Praxis aussieht. Also gab es bei dem Lehrgang einen Praxisteil. Am Nachmittag ging es daher ins Schwimmbad und zwar mit Segelanzug und der Automatik-Rettungsweste. Die Ausbilder haben in der Zwischenzeit eine eingepackte Rettungsinsel ins Hallenbad getragen. Nachdem sich alle Teilnehmer am Beckenrand aufgestellt hatten ist die Rettungsinsel ins Wasser geschmissen worden und wir konnten dann sehen wie diese sich aufgeblasen und ausgerichtet hat. Anschlie\u00dfend sind wir in Gruppen zu je 6 Personen gleichzeitig in voller Segelmontur ins Wasser gesprungen und haben erlebt was passiert wenn die Patrone in der Weste ausl\u00f6st. Mit der aufgeblasenen Rettungsweste wurde dann versucht zu Schwimmen und in die Rettungsinsel zu klettern. Dies war schon bei 25 Grad Wassertemperatur und ohne Wellen kein leichtes Unterfangen. Bei hohen Wellengang und Panik wei\u00df ich nicht wie das zu schaffen ist. Anschlie\u00dfend haben wir mit Hilfe einer manuellen Seilwinde die am Sprungturm montiert wurde die Bergung mittels Hubschrauber simuliert. Auch etwas, was man nicht wirklich braucht. Der Lehrgang hat uns wieder einmal gezeigt, dass es das Beste ist an Bord zu bleiben. \ud83d\ude42 Ein gro\u00dfes Lob und Dankesch\u00f6n an die Ausbilder welche uns die Gefahren und Probleme im Seenotfall sehr anschaulich n\u00e4her gebracht haben.<\/p>\n<div id=\"attachment_681\" style=\"width: 635px\" class=\"wp-caption alignleft\"><img loading=\"lazy\" decoding=\"async\" aria-describedby=\"caption-attachment-681\" class=\"size-large wp-image-681\" src=\"https:\/\/sy-mora.de\/wp-content\/uploads\/2015\/12\/1_Trocken\u00fcbung-1024x768.jpg\" alt=\"Trocken\u00fcbung\" width=\"625\" height=\"469\" srcset=\"https:\/\/sy-mora.de\/wp-content\/uploads\/2015\/12\/1_Trocken\u00fcbung-1024x768.jpg 1024w, https:\/\/sy-mora.de\/wp-content\/uploads\/2015\/12\/1_Trocken\u00fcbung-300x225.jpg 300w, https:\/\/sy-mora.de\/wp-content\/uploads\/2015\/12\/1_Trocken\u00fcbung-768x576.jpg 768w, https:\/\/sy-mora.de\/wp-content\/uploads\/2015\/12\/1_Trocken\u00fcbung-624x468.jpg 624w, https:\/\/sy-mora.de\/wp-content\/uploads\/2015\/12\/1_Trocken\u00fcbung.jpg 1280w\" sizes=\"auto, (max-width: 625px) 100vw, 625px\" \/><p id=\"caption-attachment-681\" class=\"wp-caption-text\">Trocken\u00fcbung<\/p><\/div>\n<div id=\"attachment_682\" style=\"width: 635px\" class=\"wp-caption alignleft\"><img loading=\"lazy\" decoding=\"async\" aria-describedby=\"caption-attachment-682\" class=\"size-large wp-image-682\" src=\"https:\/\/sy-mora.de\/wp-content\/uploads\/2015\/12\/2_Gruppenbild-1024x768.jpg\" alt=\"Gruppenbild\" width=\"625\" height=\"469\" srcset=\"https:\/\/sy-mora.de\/wp-content\/uploads\/2015\/12\/2_Gruppenbild-1024x768.jpg 1024w, https:\/\/sy-mora.de\/wp-content\/uploads\/2015\/12\/2_Gruppenbild-300x225.jpg 300w, https:\/\/sy-mora.de\/wp-content\/uploads\/2015\/12\/2_Gruppenbild-768x576.jpg 768w, https:\/\/sy-mora.de\/wp-content\/uploads\/2015\/12\/2_Gruppenbild-624x468.jpg 624w, https:\/\/sy-mora.de\/wp-content\/uploads\/2015\/12\/2_Gruppenbild.jpg 1280w\" sizes=\"auto, (max-width: 625px) 100vw, 625px\" \/><p id=\"caption-attachment-682\" class=\"wp-caption-text\">Gruppenbild<\/p><\/div>\n<div id=\"attachment_683\" style=\"width: 635px\" class=\"wp-caption alignleft\"><img loading=\"lazy\" decoding=\"async\" aria-describedby=\"caption-attachment-683\" class=\"size-large wp-image-683\" src=\"https:\/\/sy-mora.de\/wp-content\/uploads\/2015\/12\/3_Anzugsegler-768x1024.jpg\" alt=\"Anzug Segler\" width=\"625\" height=\"833\" srcset=\"https:\/\/sy-mora.de\/wp-content\/uploads\/2015\/12\/3_Anzugsegler.jpg 768w, https:\/\/sy-mora.de\/wp-content\/uploads\/2015\/12\/3_Anzugsegler-225x300.jpg 225w, https:\/\/sy-mora.de\/wp-content\/uploads\/2015\/12\/3_Anzugsegler-624x832.jpg 624w\" sizes=\"auto, (max-width: 625px) 100vw, 625px\" \/><p id=\"caption-attachment-683\" class=\"wp-caption-text\">Anzug Segler<\/p><\/div>\n<div id=\"attachment_684\" style=\"width: 635px\" class=\"wp-caption alignleft\"><img loading=\"lazy\" decoding=\"async\" aria-describedby=\"caption-attachment-684\" class=\"size-large wp-image-684\" src=\"https:\/\/sy-mora.de\/wp-content\/uploads\/2015\/12\/4_Schwimmender-Container-1024x768.jpg\" alt=\"Insel im Ur-Zustand\" width=\"625\" height=\"469\" srcset=\"https:\/\/sy-mora.de\/wp-content\/uploads\/2015\/12\/4_Schwimmender-Container-1024x768.jpg 1024w, https:\/\/sy-mora.de\/wp-content\/uploads\/2015\/12\/4_Schwimmender-Container-300x225.jpg 300w, https:\/\/sy-mora.de\/wp-content\/uploads\/2015\/12\/4_Schwimmender-Container-768x576.jpg 768w, https:\/\/sy-mora.de\/wp-content\/uploads\/2015\/12\/4_Schwimmender-Container-624x468.jpg 624w, https:\/\/sy-mora.de\/wp-content\/uploads\/2015\/12\/4_Schwimmender-Container.jpg 1280w\" sizes=\"auto, (max-width: 625px) 100vw, 625px\" \/><p id=\"caption-attachment-684\" class=\"wp-caption-text\">Insel im Ur-Zustand<\/p><\/div>\n<div id=\"attachment_685\" style=\"width: 635px\" class=\"wp-caption alignleft\"><img loading=\"lazy\" decoding=\"async\" aria-describedby=\"caption-attachment-685\" class=\"size-large wp-image-685\" src=\"https:\/\/sy-mora.de\/wp-content\/uploads\/2015\/12\/5_Insel-f\u00fcr-lange-Reise-1024x768.jpg\" alt=\"nach Ziehen der Reisleine\" width=\"625\" height=\"469\" srcset=\"https:\/\/sy-mora.de\/wp-content\/uploads\/2015\/12\/5_Insel-f\u00fcr-lange-Reise-1024x768.jpg 1024w, https:\/\/sy-mora.de\/wp-content\/uploads\/2015\/12\/5_Insel-f\u00fcr-lange-Reise-300x225.jpg 300w, https:\/\/sy-mora.de\/wp-content\/uploads\/2015\/12\/5_Insel-f\u00fcr-lange-Reise-768x576.jpg 768w, https:\/\/sy-mora.de\/wp-content\/uploads\/2015\/12\/5_Insel-f\u00fcr-lange-Reise-624x468.jpg 624w, https:\/\/sy-mora.de\/wp-content\/uploads\/2015\/12\/5_Insel-f\u00fcr-lange-Reise.jpg 1280w\" sizes=\"auto, (max-width: 625px) 100vw, 625px\" \/><p id=\"caption-attachment-685\" class=\"wp-caption-text\">nach Ziehen der Reisleine<\/p><\/div>\n<div id=\"attachment_687\" style=\"width: 635px\" class=\"wp-caption alignleft\"><img loading=\"lazy\" decoding=\"async\" aria-describedby=\"caption-attachment-687\" class=\"size-large wp-image-687\" src=\"https:\/\/sy-mora.de\/wp-content\/uploads\/2015\/12\/7_Einstieg-mit-Unterst\u00fctzung-1024x768.jpg\" alt=\"Einstieg mit Hilfe der DLRG\" width=\"625\" height=\"469\" srcset=\"https:\/\/sy-mora.de\/wp-content\/uploads\/2015\/12\/7_Einstieg-mit-Unterst\u00fctzung-1024x768.jpg 1024w, https:\/\/sy-mora.de\/wp-content\/uploads\/2015\/12\/7_Einstieg-mit-Unterst\u00fctzung-300x225.jpg 300w, https:\/\/sy-mora.de\/wp-content\/uploads\/2015\/12\/7_Einstieg-mit-Unterst\u00fctzung-768x576.jpg 768w, https:\/\/sy-mora.de\/wp-content\/uploads\/2015\/12\/7_Einstieg-mit-Unterst\u00fctzung-624x468.jpg 624w, https:\/\/sy-mora.de\/wp-content\/uploads\/2015\/12\/7_Einstieg-mit-Unterst\u00fctzung.jpg 1280w\" sizes=\"auto, (max-width: 625px) 100vw, 625px\" \/><p id=\"caption-attachment-687\" class=\"wp-caption-text\">Einstieg mit Hilfe<\/p><\/div>\n<div id=\"attachment_688\" style=\"width: 635px\" class=\"wp-caption alignleft\"><img loading=\"lazy\" decoding=\"async\" aria-describedby=\"caption-attachment-688\" class=\"size-large wp-image-688\" src=\"https:\/\/sy-mora.de\/wp-content\/uploads\/2015\/12\/8_\u00d6ko-Hubschrauber-768x1024.jpg\" alt=\"Umweltbewuster \u00d6ko-Hubschrauber\" width=\"625\" height=\"833\" srcset=\"https:\/\/sy-mora.de\/wp-content\/uploads\/2015\/12\/8_\u00d6ko-Hubschrauber.jpg 768w, https:\/\/sy-mora.de\/wp-content\/uploads\/2015\/12\/8_\u00d6ko-Hubschrauber-225x300.jpg 225w, https:\/\/sy-mora.de\/wp-content\/uploads\/2015\/12\/8_\u00d6ko-Hubschrauber-624x832.jpg 624w\" sizes=\"auto, (max-width: 625px) 100vw, 625px\" \/><p id=\"caption-attachment-688\" class=\"wp-caption-text\">Umweltbewuster \u00d6ko-Hubschrauber<\/p><\/div>\n","protected":false},"excerpt":{"rendered":"<p>Am Samstag den 14. November haben wir bei der Segel Kameradschaft Unterbacher See ein Sicherheitstraining besucht. Der Theorie Teil beinhaltet das Thema Sicherheit auf See, Hinweise zur Auswahl von Signal- und Rettungsmittel sowie die Kunde \u00fcber den Einsatz von Rettungsinseln. Aber die Theorie allein nutzt bekanntlich sehr wenig, wenn man nicht wei\u00df wie das in [&hellip;]<\/p>\n","protected":false},"author":4,"featured_media":686,"comment_status":"open","ping_status":"closed","sticky":false,"template":"","format":"standard","meta":{"footnotes":""},"categories":[7],"tags":[],"class_list":["post-678","post","type-post","status-publish","format-standard","has-post-thumbnail","hentry","category-7"],"_links":{"self":[{"href":"https:\/\/sy-mora.de\/index.php?rest_route=\/wp\/v2\/posts\/678","targetHints":{"allow":["GET"]}}],"collection":[{"href":"https:\/\/sy-mora.de\/index.php?rest_route=\/wp\/v2\/posts"}],"about":[{"href":"https:\/\/sy-mora.de\/index.php?rest_route=\/wp\/v2\/types\/post"}],"author":[{"embeddable":true,"href":"https:\/\/sy-mora.de\/index.php?rest_route=\/wp\/v2\/users\/4"}],"replies":[{"embeddable":true,"href":"https:\/\/sy-mora.de\/index.php?rest_route=%2Fwp%2Fv2%2Fcomments&post=678"}],"version-history":[{"count":4,"href":"https:\/\/sy-mora.de\/index.php?rest_route=\/wp\/v2\/posts\/678\/revisions"}],"predecessor-version":[{"id":690,"href":"https:\/\/sy-mora.de\/index.php?rest_route=\/wp\/v2\/posts\/678\/revisions\/690"}],"wp:featuredmedia":[{"embeddable":true,"href":"https:\/\/sy-mora.de\/index.php?rest_route=\/wp\/v2\/media\/686"}],"wp:attachment":[{"href":"https:\/\/sy-mora.de\/index.php?rest_route=%2Fwp%2Fv2%2Fmedia&parent=678"}],"wp:term":[{"taxonomy":"category","embeddable":true,"href":"https:\/\/sy-mora.de\/index.php?rest_route=%2Fwp%2Fv2%2Fcategories&post=678"},{"taxonomy":"post_tag","embeddable":true,"href":"https:\/\/sy-mora.de\/index.php?rest_route=%2Fwp%2Fv2%2Ftags&post=678"}],"curies":[{"name":"wp","href":"https:\/\/api.w.org\/{rel}","templated":true}]}}